{"id":22585,"date":"2019-09-24T13:33:27","date_gmt":"2019-09-24T13:33:27","guid":{"rendered":"https:\/\/sertv.gob.pa\/crisolfm\/?p=22585"},"modified":"2019-09-24T13:33:27","modified_gmt":"2019-09-24T13:33:27","slug":"autoridades-de-puerto-rico-se-alistan-para-la-tormenta-karen-como-si-fuera-huracan","status":"publish","type":"post","link":"https:\/\/sertv.gob.pa\/crisolfm\/autoridades-de-puerto-rico-se-alistan-para-la-tormenta-karen-como-si-fuera-huracan\/","title":{"rendered":"Autoridades de Puerto Rico se alistan para la tormenta Karen como si fuera hurac\u00e1n"},"content":{"rendered":"<p><strong>Las autoridades de emergencia de Puerto Rico advirtieron este lunes que se est\u00e1n preparando para la llegada de la tormenta tropical Karen<\/strong> como si fuera un hurac\u00e1n a la vez que destacaron el papel importante para prevenir da\u00f1os de los alcaldes de la isla. <strong>La tormenta tropical Karen avanza por el Caribe rumbo a Puerto Rico<\/strong>, donde se espera que impacte este martes con sus vientos m\u00e1ximos sostenidos de 40 millas por hora (65 km\/h), inform\u00f3 este lunes el Centro Nacional de Huracanes (NHC).<\/p>\n<p>Sin embargo, las autoridades han expresado su preocupaci\u00f3n sobre la lluvia que dejar\u00e1, que, de acuerdo, al director del <strong>Servicio Nacional de Meteorolog\u00eda<\/strong> de la isla, Roberto Garc\u00eda, podr\u00eda llegar a las seis pulgadas (unos 18 cent\u00edmetros) en alg\u00fan punto especific\u00f3 del este de la isla, por donde se prev\u00e9 el paso del fen\u00f3meno meteorol\u00f3gico. <strong>Puerto Rico se encuentra bajo alerta de paso de tormenta tropical, al igual que las Islas V\u00edrgenes, tanto las estadounidenses como las brit\u00e1nicas.<\/strong><\/p>\n<p><strong>\u00a0<\/strong><strong>EFE<\/strong><\/p>\n","protected":false},"excerpt":{"rendered":"<p>Las autoridades de emergencia de Puerto Rico advirtieron este lunes <a href=\"https:\/\/sertv.gob.pa\/crisolfm\/autoridades-de-puerto-rico-se-alistan-para-la-tormenta-karen-como-si-fuera-huracan\/\"> [&#8230;]<\/a><\/p>\n","protected":false},"author":64,"featured_media":22586,"comment_status":"closed","ping_status":"closed","sticky":false,"template":"","format":"standard","meta":{"footnotes":""},"categories":[7],"tags":[],"class_list":["post-22585","post","type-post","status-publish","format-standard","has-post-thumbnail","hentry","category-ecologicas"],"_links":{"self":[{"href":"https:\/\/sertv.gob.pa\/crisolfm\/wp-json\/wp\/v2\/posts\/22585","targetHints":{"allow":["GET"]}}],"collection":[{"href":"https:\/\/sertv.gob.pa\/crisolfm\/wp-json\/wp\/v2\/posts"}],"about":[{"href":"https:\/\/sertv.gob.pa\/crisolfm\/wp-json\/wp\/v2\/types\/post"}],"author":[{"embeddable":true,"href":"https:\/\/sertv.gob.pa\/crisolfm\/wp-json\/wp\/v2\/users\/64"}],"replies":[{"embeddable":true,"href":"https:\/\/sertv.gob.pa\/crisolfm\/wp-json\/wp\/v2\/comments?post=22585"}],"version-history":[{"count":1,"href":"https:\/\/sertv.gob.pa\/crisolfm\/wp-json\/wp\/v2\/posts\/22585\/revisions"}],"predecessor-version":[{"id":22587,"href":"https:\/\/sertv.gob.pa\/crisolfm\/wp-json\/wp\/v2\/posts\/22585\/revisions\/22587"}],"wp:featuredmedia":[{"embeddable":true,"href":"https:\/\/sertv.gob.pa\/crisolfm\/wp-json\/wp\/v2\/media\/22586"}],"wp:attachment":[{"href":"https:\/\/sertv.gob.pa\/crisolfm\/wp-json\/wp\/v2\/media?parent=22585"}],"wp:term":[{"taxonomy":"category","embeddable":true,"href":"https:\/\/sertv.gob.pa\/crisolfm\/wp-json\/wp\/v2\/categories?post=22585"},{"taxonomy":"post_tag","embeddable":true,"href":"https:\/\/sertv.gob.pa\/crisolfm\/wp-json\/wp\/v2\/tags?post=22585"}],"curies":[{"name":"wp","href":"https:\/\/api.w.org\/{rel}","templated":true}]}}