{"id":22588,"date":"2019-09-24T13:48:11","date_gmt":"2019-09-24T13:48:11","guid":{"rendered":"https:\/\/sertv.gob.pa\/crisolfm\/?p=22588"},"modified":"2019-09-24T13:48:11","modified_gmt":"2019-09-24T13:48:11","slug":"acuerdo-de-paris-una-utopia-para-los-paises-del-g20","status":"publish","type":"post","link":"https:\/\/sertv.gob.pa\/crisolfm\/acuerdo-de-paris-una-utopia-para-los-paises-del-g20\/","title":{"rendered":"Acuerdo de Par\u00eds: una utop\u00eda para los pa\u00edses del G20"},"content":{"rendered":"<p>Las naciones del G20 no est\u00e1n encaminadas a cumplir con los compromisos del Acuerdo de Par\u00eds. Pero tienen enormes oportunidades para realizar reducciones r\u00e1pidas de emisiones de gases de efecto invernadero, seg\u00fan un reporte de las Naciones Unidas. Uno de los cap\u00edtulos del nuevo Informe sobre la Brecha de Emisiones 2019 publicado este lunes de forma anticipada, previo a la Cumbre sobre la Acci\u00f3n Clim\u00e1tica del Secretario General de la ONU, dice que los miembros del G20, que representan alrededor de 80% de las emisiones globales, a\u00fan no est\u00e1n asumiendo compromisos clim\u00e1ticos transformadores con la amplitud y la escala necesarias.<\/p>\n<p>El Informe sobre la Brecha de Emisiones 2018 hab\u00eda mostrado que alrededor de la mitad de las trayectorias de emisiones de gases de efecto invernadero de las naciones del G20 se quedan cortas para cumplir con sus contribuciones determinadas en el Acuerdo de Par\u00eds.<\/p>\n<p>En conjunto, las contribuciones actuales son \u00abinsuficientes\u00bb para cumplir con la meta de mantener la temperatura del planeta en 1.5 \u00b0C o bajo 2 \u00b0C, lo que significa \u00abque el mundo se dirige a un aumento catastr\u00f3fico de la temperatura de m\u00e1s de 3 \u00b0C este siglo\u00bb, se\u00f1ala el organismo ambiental. El cap\u00edtulo anticipado del informe de 2019 se\u00f1ala \u00e1reas clave donde las naciones del G20 pueden acelerar r\u00e1pidamente la acci\u00f3n cuando presenten su pr\u00f3xima ronda de NDC en 2020. Se necesita \u00abun compromiso total de las naciones del G20 con un futuro sin carbono. Hasta ahora no han hecho lo suficiente\u00bb, dijo la directora ejecutiva del Programa de las Naciones Unidas para el Medio Ambiente, Inger Andersen.<\/p>\n<p>&nbsp;<\/p>\n","protected":false},"excerpt":{"rendered":"<p>Las naciones del G20 no est\u00e1n encaminadas a cumplir con <a href=\"https:\/\/sertv.gob.pa\/crisolfm\/acuerdo-de-paris-una-utopia-para-los-paises-del-g20\/\"> [&#8230;]<\/a><\/p>\n","protected":false},"author":64,"featured_media":22589,"comment_status":"closed","ping_status":"closed","sticky":false,"template":"","format":"standard","meta":{"footnotes":""},"categories":[7],"tags":[],"class_list":["post-22588","post","type-post","status-publish","format-standard","has-post-thumbnail","hentry","category-ecologicas"],"_links":{"self":[{"href":"https:\/\/sertv.gob.pa\/crisolfm\/wp-json\/wp\/v2\/posts\/22588","targetHints":{"allow":["GET"]}}],"collection":[{"href":"https:\/\/sertv.gob.pa\/crisolfm\/wp-json\/wp\/v2\/posts"}],"about":[{"href":"https:\/\/sertv.gob.pa\/crisolfm\/wp-json\/wp\/v2\/types\/post"}],"author":[{"embeddable":true,"href":"https:\/\/sertv.gob.pa\/crisolfm\/wp-json\/wp\/v2\/users\/64"}],"replies":[{"embeddable":true,"href":"https:\/\/sertv.gob.pa\/crisolfm\/wp-json\/wp\/v2\/comments?post=22588"}],"version-history":[{"count":1,"href":"https:\/\/sertv.gob.pa\/crisolfm\/wp-json\/wp\/v2\/posts\/22588\/revisions"}],"predecessor-version":[{"id":22590,"href":"https:\/\/sertv.gob.pa\/crisolfm\/wp-json\/wp\/v2\/posts\/22588\/revisions\/22590"}],"wp:featuredmedia":[{"embeddable":true,"href":"https:\/\/sertv.gob.pa\/crisolfm\/wp-json\/wp\/v2\/media\/22589"}],"wp:attachment":[{"href":"https:\/\/sertv.gob.pa\/crisolfm\/wp-json\/wp\/v2\/media?parent=22588"}],"wp:term":[{"taxonomy":"category","embeddable":true,"href":"https:\/\/sertv.gob.pa\/crisolfm\/wp-json\/wp\/v2\/categories?post=22588"},{"taxonomy":"post_tag","embeddable":true,"href":"https:\/\/sertv.gob.pa\/crisolfm\/wp-json\/wp\/v2\/tags?post=22588"}],"curies":[{"name":"wp","href":"https:\/\/api.w.org\/{rel}","templated":true}]}}