{"id":22604,"date":"2019-09-24T14:24:58","date_gmt":"2019-09-24T14:24:58","guid":{"rendered":"https:\/\/sertv.gob.pa\/crisolfm\/?p=22604"},"modified":"2019-09-24T14:24:58","modified_gmt":"2019-09-24T14:24:58","slug":"juzgan-por-tercera-vez-al-electricista-de-picasso-por-conservar-en-secreto-271-obras","status":"publish","type":"post","link":"https:\/\/sertv.gob.pa\/crisolfm\/juzgan-por-tercera-vez-al-electricista-de-picasso-por-conservar-en-secreto-271-obras\/","title":{"rendered":"Juzgan por tercera vez al electricista de Picasso por conservar en secreto 271 obras"},"content":{"rendered":"<p>El electricista de Pablo Picasso y su esposa, condenados en 2015 a dos a\u00f1os de prisi\u00f3n por haber conservado en secreto 271 obras del pintor, comparecer\u00e1n este martes ante el tribunal de apelaci\u00f3n de Lyon, en el tercer juicio de la pareja.<\/p>\n<p>Pierre y Danielle Le Guennec lograron en diciembre de 2016 la anulaci\u00f3n de su condena de c\u00e1rcel con el argumento de que el tribunal de Aix-en-Provence (sudeste de Francia) no hab\u00eda demostrado que las obras \u00abproced\u00edan de un robo\u00bb. Tras haber defendido durante el primer juicio que Picasso le hab\u00eda regalado entre 1970 y 1973 las 271 obras, realizadas entre 1900 y 1932, Pierre, que ahora tiene 80 a\u00f1os, cambi\u00f3 de versi\u00f3n en el segundo proceso judicial en 2016. Entonces, asegur\u00f3 que se trataba de una donaci\u00f3n de su viuda Jacqueline tras la muerte del artista malague\u00f1o en 1973, \u00abquiz\u00e1s\u00bb para retirarlas del inventario de la herencia.<\/p>\n<p>Pocos meses antes de la muerte de Picasso, \u00abella me dijo que quer\u00eda guardar en mi casa unas bolsas de basura\u00bb, entre 15 y 17, seg\u00fan el electricista. Supuestamente, Jacqueline le pidi\u00f3 m\u00e1s adelante que se las devolviera, exceptuando una de las bolsas, despu\u00e9s de haberle dicho: \u00abGuardadla, es para usted\u00bb, explic\u00f3 Le Guennec durante el juicio.<\/p>\n<p>La mayor\u00eda de las obras son dibujos, litograf\u00edas y collages que no fueron firmadas ni formaban parte del inventario de Picasso antes de su muerte. Se volvi\u00f3 a tener conocimiento de ellas despu\u00e9s de que Le Guennec se las mostrara a Claude Ruiz Picasso, hijo del artista, para que certificara su autor\u00eda.\u00a0Entonces, los herederos lo denunciaron de forma inmediata.<\/p>\n<p>AFP<\/p>\n","protected":false},"excerpt":{"rendered":"<p>El electricista de Pablo Picasso y su esposa, condenados en <a href=\"https:\/\/sertv.gob.pa\/crisolfm\/juzgan-por-tercera-vez-al-electricista-de-picasso-por-conservar-en-secreto-271-obras\/\"> [&#8230;]<\/a><\/p>\n","protected":false},"author":64,"featured_media":22605,"comment_status":"closed","ping_status":"closed","sticky":false,"template":"","format":"standard","meta":{"footnotes":""},"categories":[6],"tags":[],"class_list":["post-22604","post","type-post","status-publish","format-standard","has-post-thumbnail","hentry","category-culturales"],"_links":{"self":[{"href":"https:\/\/sertv.gob.pa\/crisolfm\/wp-json\/wp\/v2\/posts\/22604","targetHints":{"allow":["GET"]}}],"collection":[{"href":"https:\/\/sertv.gob.pa\/crisolfm\/wp-json\/wp\/v2\/posts"}],"about":[{"href":"https:\/\/sertv.gob.pa\/crisolfm\/wp-json\/wp\/v2\/types\/post"}],"author":[{"embeddable":true,"href":"https:\/\/sertv.gob.pa\/crisolfm\/wp-json\/wp\/v2\/users\/64"}],"replies":[{"embeddable":true,"href":"https:\/\/sertv.gob.pa\/crisolfm\/wp-json\/wp\/v2\/comments?post=22604"}],"version-history":[{"count":1,"href":"https:\/\/sertv.gob.pa\/crisolfm\/wp-json\/wp\/v2\/posts\/22604\/revisions"}],"predecessor-version":[{"id":22606,"href":"https:\/\/sertv.gob.pa\/crisolfm\/wp-json\/wp\/v2\/posts\/22604\/revisions\/22606"}],"wp:featuredmedia":[{"embeddable":true,"href":"https:\/\/sertv.gob.pa\/crisolfm\/wp-json\/wp\/v2\/media\/22605"}],"wp:attachment":[{"href":"https:\/\/sertv.gob.pa\/crisolfm\/wp-json\/wp\/v2\/media?parent=22604"}],"wp:term":[{"taxonomy":"category","embeddable":true,"href":"https:\/\/sertv.gob.pa\/crisolfm\/wp-json\/wp\/v2\/categories?post=22604"},{"taxonomy":"post_tag","embeddable":true,"href":"https:\/\/sertv.gob.pa\/crisolfm\/wp-json\/wp\/v2\/tags?post=22604"}],"curies":[{"name":"wp","href":"https:\/\/api.w.org\/{rel}","templated":true}]}}