{"id":22616,"date":"2019-09-24T17:58:29","date_gmt":"2019-09-24T17:58:29","guid":{"rendered":"https:\/\/sertv.gob.pa\/crisolfm\/?p=22616"},"modified":"2019-09-24T17:58:29","modified_gmt":"2019-09-24T17:58:29","slug":"sismo-registrado-en-tonosi-sin-reporte-de-danos","status":"publish","type":"post","link":"https:\/\/sertv.gob.pa\/crisolfm\/sismo-registrado-en-tonosi-sin-reporte-de-danos\/","title":{"rendered":"Sismo registrado en Tonos\u00ed sin reporte de da\u00f1os"},"content":{"rendered":"<p>El<strong> director de Sistema Nacional de Protecci\u00f3n Civil, Omar Smith<\/strong>, dijo que <strong>no tienen reporte de da\u00f1os<\/strong> por <strong>el sismo de magnitud de 4.9\u00a0al sur de Panam\u00e1<\/strong>, a <strong>eso de las 5:15 de la ma\u00f1ana de hoy, martes.<\/strong><\/p>\n<p>El movimiento<strong> tel\u00farico se sinti\u00f3 con mayor fuerza en la regi\u00f3n de Tonos\u00ed,<\/strong> provincia de<strong> Los Santos, generando temor entre los pobladores.<\/strong> El <strong>Instituto de Geociencias de la Universidad de Panam\u00e1 registr\u00f3 el evento<\/strong>.<\/p>\n<p>&nbsp;<\/p>\n","protected":false},"excerpt":{"rendered":"<p>El director de Sistema Nacional de Protecci\u00f3n Civil, Omar Smith, <a href=\"https:\/\/sertv.gob.pa\/crisolfm\/sismo-registrado-en-tonosi-sin-reporte-de-danos\/\"> [&#8230;]<\/a><\/p>\n","protected":false},"author":64,"featured_media":22617,"comment_status":"closed","ping_status":"closed","sticky":false,"template":"","format":"standard","meta":{"footnotes":""},"categories":[7],"tags":[],"class_list":["post-22616","post","type-post","status-publish","format-standard","has-post-thumbnail","hentry","category-ecologicas"],"_links":{"self":[{"href":"https:\/\/sertv.gob.pa\/crisolfm\/wp-json\/wp\/v2\/posts\/22616","targetHints":{"allow":["GET"]}}],"collection":[{"href":"https:\/\/sertv.gob.pa\/crisolfm\/wp-json\/wp\/v2\/posts"}],"about":[{"href":"https:\/\/sertv.gob.pa\/crisolfm\/wp-json\/wp\/v2\/types\/post"}],"author":[{"embeddable":true,"href":"https:\/\/sertv.gob.pa\/crisolfm\/wp-json\/wp\/v2\/users\/64"}],"replies":[{"embeddable":true,"href":"https:\/\/sertv.gob.pa\/crisolfm\/wp-json\/wp\/v2\/comments?post=22616"}],"version-history":[{"count":1,"href":"https:\/\/sertv.gob.pa\/crisolfm\/wp-json\/wp\/v2\/posts\/22616\/revisions"}],"predecessor-version":[{"id":22618,"href":"https:\/\/sertv.gob.pa\/crisolfm\/wp-json\/wp\/v2\/posts\/22616\/revisions\/22618"}],"wp:featuredmedia":[{"embeddable":true,"href":"https:\/\/sertv.gob.pa\/crisolfm\/wp-json\/wp\/v2\/media\/22617"}],"wp:attachment":[{"href":"https:\/\/sertv.gob.pa\/crisolfm\/wp-json\/wp\/v2\/media?parent=22616"}],"wp:term":[{"taxonomy":"category","embeddable":true,"href":"https:\/\/sertv.gob.pa\/crisolfm\/wp-json\/wp\/v2\/categories?post=22616"},{"taxonomy":"post_tag","embeddable":true,"href":"https:\/\/sertv.gob.pa\/crisolfm\/wp-json\/wp\/v2\/tags?post=22616"}],"curies":[{"name":"wp","href":"https:\/\/api.w.org\/{rel}","templated":true}]}}