{"id":22622,"date":"2019-09-25T13:27:32","date_gmt":"2019-09-25T13:27:32","guid":{"rendered":"https:\/\/sertv.gob.pa\/crisolfm\/?p=22622"},"modified":"2019-09-25T13:27:32","modified_gmt":"2019-09-25T13:27:32","slug":"ruben-blades-nominado-a-2-premios-grammy-latino","status":"publish","type":"post","link":"https:\/\/sertv.gob.pa\/crisolfm\/ruben-blades-nominado-a-2-premios-grammy-latino\/","title":{"rendered":"Rub\u00e9n Blades, nominado a 2 premios Grammy Latino"},"content":{"rendered":"<p>El cantautor y compositor Rub\u00e9n Blades fue nominado este martes 24 de septiembre a dos premios Grammy Latino por la Academia Latina de Artes y Ciencias de la M\u00fasica. Las nominaciones las recibi\u00f3 por Para\u00edso Road Gang, como mejor \u00e1lbum, y El Pa\u00eds, como mejor canci\u00f3n.<\/p>\n<p>En palabras del propio Blades en su sitio web, Para\u00edso Road Gang se inspir\u00f3 en la lucha por la recuperaci\u00f3n de la soberan\u00eda paname\u00f1a sobre la Zona del Canal y las consecuencias legales a las que los paname\u00f1os eran sometidos a sanciones legales por violar la legislaci\u00f3n del territorio, anexado por Estados Unidos en 1903.<\/p>\n<p>&nbsp;<\/p>\n","protected":false},"excerpt":{"rendered":"<p>El cantautor y compositor Rub\u00e9n Blades fue nominado este martes <a href=\"https:\/\/sertv.gob.pa\/crisolfm\/ruben-blades-nominado-a-2-premios-grammy-latino\/\"> [&#8230;]<\/a><\/p>\n","protected":false},"author":64,"featured_media":22623,"comment_status":"closed","ping_status":"closed","sticky":false,"template":"","format":"standard","meta":{"footnotes":""},"categories":[6],"tags":[],"class_list":["post-22622","post","type-post","status-publish","format-standard","has-post-thumbnail","hentry","category-culturales"],"_links":{"self":[{"href":"https:\/\/sertv.gob.pa\/crisolfm\/wp-json\/wp\/v2\/posts\/22622","targetHints":{"allow":["GET"]}}],"collection":[{"href":"https:\/\/sertv.gob.pa\/crisolfm\/wp-json\/wp\/v2\/posts"}],"about":[{"href":"https:\/\/sertv.gob.pa\/crisolfm\/wp-json\/wp\/v2\/types\/post"}],"author":[{"embeddable":true,"href":"https:\/\/sertv.gob.pa\/crisolfm\/wp-json\/wp\/v2\/users\/64"}],"replies":[{"embeddable":true,"href":"https:\/\/sertv.gob.pa\/crisolfm\/wp-json\/wp\/v2\/comments?post=22622"}],"version-history":[{"count":1,"href":"https:\/\/sertv.gob.pa\/crisolfm\/wp-json\/wp\/v2\/posts\/22622\/revisions"}],"predecessor-version":[{"id":22624,"href":"https:\/\/sertv.gob.pa\/crisolfm\/wp-json\/wp\/v2\/posts\/22622\/revisions\/22624"}],"wp:featuredmedia":[{"embeddable":true,"href":"https:\/\/sertv.gob.pa\/crisolfm\/wp-json\/wp\/v2\/media\/22623"}],"wp:attachment":[{"href":"https:\/\/sertv.gob.pa\/crisolfm\/wp-json\/wp\/v2\/media?parent=22622"}],"wp:term":[{"taxonomy":"category","embeddable":true,"href":"https:\/\/sertv.gob.pa\/crisolfm\/wp-json\/wp\/v2\/categories?post=22622"},{"taxonomy":"post_tag","embeddable":true,"href":"https:\/\/sertv.gob.pa\/crisolfm\/wp-json\/wp\/v2\/tags?post=22622"}],"curies":[{"name":"wp","href":"https:\/\/api.w.org\/{rel}","templated":true}]}}