{"id":22635,"date":"2019-09-25T14:02:22","date_gmt":"2019-09-25T14:02:22","guid":{"rendered":"https:\/\/sertv.gob.pa\/crisolfm\/?p=22635"},"modified":"2019-09-25T14:02:22","modified_gmt":"2019-09-25T14:02:22","slug":"placido-domingo-deja-de-actuar-con-la-opera-de-nueva-york-por-senalamiento-de-acoso","status":"publish","type":"post","link":"https:\/\/sertv.gob.pa\/crisolfm\/placido-domingo-deja-de-actuar-con-la-opera-de-nueva-york-por-senalamiento-de-acoso\/","title":{"rendered":"Pl\u00e1cido Domingo deja de actuar con la \u00d3pera de Nueva York por se\u00f1alamiento de acoso"},"content":{"rendered":"<p>La \u00d3pera Metropolitana de Nueva York anunci\u00f3 este martes 24 de septiembre que el c\u00e9lebre tenor espa\u00f1ol Pl\u00e1cido Domingo dejar\u00e1 de actuar con esa compa\u00f1\u00eda debido a los se\u00f1alamientos de acoso sexual en su contra.<\/p>\n<p>El int\u00e9rprete de 78 a\u00f1os, que se present\u00f3 en Nueva York por primera vez hace m\u00e1s de medio siglo, ten\u00eda previsto actuar con la Met este mi\u00e9rcoles en una nueva producci\u00f3n de Macbeth, de Giuseppe Verdi. \u201cPl\u00e1cido Domingo ha aceptado retirarse de todas las actuaciones futuras con la Met\u201d, dijo la instituci\u00f3n a la AFP en una nota en la que indic\u00f3 que ambas partes coincidieron en que el tenor \u201cdeb\u00eda dimitir\u201d.<\/p>\n<p>Domingo, que ha dirigido en otros prestigiosos teatros de \u00f3pera del mundo, dijo en una declaraci\u00f3n separada que hab\u00eda \u201cpedido retirarse\u201d de esta compa\u00f1\u00eda en la que debut\u00f3 con 27 a\u00f1os.<\/p>\n<p>AFP<\/p>\n","protected":false},"excerpt":{"rendered":"<p>La \u00d3pera Metropolitana de Nueva York anunci\u00f3 este martes 24 <a href=\"https:\/\/sertv.gob.pa\/crisolfm\/placido-domingo-deja-de-actuar-con-la-opera-de-nueva-york-por-senalamiento-de-acoso\/\"> [&#8230;]<\/a><\/p>\n","protected":false},"author":64,"featured_media":22636,"comment_status":"closed","ping_status":"closed","sticky":false,"template":"","format":"standard","meta":{"footnotes":""},"categories":[6],"tags":[],"class_list":["post-22635","post","type-post","status-publish","format-standard","has-post-thumbnail","hentry","category-culturales"],"_links":{"self":[{"href":"https:\/\/sertv.gob.pa\/crisolfm\/wp-json\/wp\/v2\/posts\/22635","targetHints":{"allow":["GET"]}}],"collection":[{"href":"https:\/\/sertv.gob.pa\/crisolfm\/wp-json\/wp\/v2\/posts"}],"about":[{"href":"https:\/\/sertv.gob.pa\/crisolfm\/wp-json\/wp\/v2\/types\/post"}],"author":[{"embeddable":true,"href":"https:\/\/sertv.gob.pa\/crisolfm\/wp-json\/wp\/v2\/users\/64"}],"replies":[{"embeddable":true,"href":"https:\/\/sertv.gob.pa\/crisolfm\/wp-json\/wp\/v2\/comments?post=22635"}],"version-history":[{"count":1,"href":"https:\/\/sertv.gob.pa\/crisolfm\/wp-json\/wp\/v2\/posts\/22635\/revisions"}],"predecessor-version":[{"id":22637,"href":"https:\/\/sertv.gob.pa\/crisolfm\/wp-json\/wp\/v2\/posts\/22635\/revisions\/22637"}],"wp:featuredmedia":[{"embeddable":true,"href":"https:\/\/sertv.gob.pa\/crisolfm\/wp-json\/wp\/v2\/media\/22636"}],"wp:attachment":[{"href":"https:\/\/sertv.gob.pa\/crisolfm\/wp-json\/wp\/v2\/media?parent=22635"}],"wp:term":[{"taxonomy":"category","embeddable":true,"href":"https:\/\/sertv.gob.pa\/crisolfm\/wp-json\/wp\/v2\/categories?post=22635"},{"taxonomy":"post_tag","embeddable":true,"href":"https:\/\/sertv.gob.pa\/crisolfm\/wp-json\/wp\/v2\/tags?post=22635"}],"curies":[{"name":"wp","href":"https:\/\/api.w.org\/{rel}","templated":true}]}}