{"id":22638,"date":"2019-09-25T14:08:16","date_gmt":"2019-09-25T14:08:16","guid":{"rendered":"https:\/\/sertv.gob.pa\/crisolfm\/?p=22638"},"modified":"2019-09-25T14:08:16","modified_gmt":"2019-09-25T14:08:16","slug":"les-miserables-es-una-alerta-universal-afirma-su-director","status":"publish","type":"post","link":"https:\/\/sertv.gob.pa\/crisolfm\/les-miserables-es-una-alerta-universal-afirma-su-director\/","title":{"rendered":"&#8216;Les Miserables&#8217; es una alerta universal, afirma su director"},"content":{"rendered":"<p>Les Miserables, el crudo retrato de la violencia policial en los suburbios de Par\u00eds y candidata de Francia para el \u00d3scar, es un grito de alerta \u00abuniversal\u00bb sobre pobreza y racismo, dijo su director a la AFP.<\/p>\n<p>Es una pel\u00edcula \u00abuniversal que debe llegar a tanta gente sea posible\u00bb, dijo Ladj Ly en la alfombra roja del festival de cine franc\u00e9s de Los \u00c1ngeles, Colcoa. \u00abLa pobreza se encuentra en las cuatro esquinas del mundo, podemos estar en Estados Unidos, en las favelas de Brasil o en Sud\u00e1frica\u00bb.<\/p>\n<p>\u00abEste filme es un grito de alerta de mi parte a los pol\u00edticos\u00bb, dijo m\u00e1s tarde al p\u00fablico que asisti\u00f3 al estreno. \u00abLa situaci\u00f3n es complicada, ha sido as\u00ed por 30 a\u00f1os, pero siempre hay soluciones\u00bb.<\/p>\n<p>Ly dijo que estaba \u00abmuy orgulloso\u00bb por el sorpresivo anuncio de Francia de nominar esta pel\u00edcula para representar al pa\u00eds en los premios de la Academia de febrero de 2020, superando al drama espacial Proxima con Eva Green.<\/p>\n<p>&nbsp;<\/p>\n<p>AFP<\/p>\n<p>&nbsp;<\/p>\n<p>&nbsp;<\/p>\n","protected":false},"excerpt":{"rendered":"<p>Les Miserables, el crudo retrato de la violencia policial en <a href=\"https:\/\/sertv.gob.pa\/crisolfm\/les-miserables-es-una-alerta-universal-afirma-su-director\/\"> [&#8230;]<\/a><\/p>\n","protected":false},"author":64,"featured_media":22639,"comment_status":"closed","ping_status":"closed","sticky":false,"template":"","format":"standard","meta":{"footnotes":""},"categories":[6],"tags":[],"class_list":["post-22638","post","type-post","status-publish","format-standard","has-post-thumbnail","hentry","category-culturales"],"_links":{"self":[{"href":"https:\/\/sertv.gob.pa\/crisolfm\/wp-json\/wp\/v2\/posts\/22638","targetHints":{"allow":["GET"]}}],"collection":[{"href":"https:\/\/sertv.gob.pa\/crisolfm\/wp-json\/wp\/v2\/posts"}],"about":[{"href":"https:\/\/sertv.gob.pa\/crisolfm\/wp-json\/wp\/v2\/types\/post"}],"author":[{"embeddable":true,"href":"https:\/\/sertv.gob.pa\/crisolfm\/wp-json\/wp\/v2\/users\/64"}],"replies":[{"embeddable":true,"href":"https:\/\/sertv.gob.pa\/crisolfm\/wp-json\/wp\/v2\/comments?post=22638"}],"version-history":[{"count":1,"href":"https:\/\/sertv.gob.pa\/crisolfm\/wp-json\/wp\/v2\/posts\/22638\/revisions"}],"predecessor-version":[{"id":22640,"href":"https:\/\/sertv.gob.pa\/crisolfm\/wp-json\/wp\/v2\/posts\/22638\/revisions\/22640"}],"wp:featuredmedia":[{"embeddable":true,"href":"https:\/\/sertv.gob.pa\/crisolfm\/wp-json\/wp\/v2\/media\/22639"}],"wp:attachment":[{"href":"https:\/\/sertv.gob.pa\/crisolfm\/wp-json\/wp\/v2\/media?parent=22638"}],"wp:term":[{"taxonomy":"category","embeddable":true,"href":"https:\/\/sertv.gob.pa\/crisolfm\/wp-json\/wp\/v2\/categories?post=22638"},{"taxonomy":"post_tag","embeddable":true,"href":"https:\/\/sertv.gob.pa\/crisolfm\/wp-json\/wp\/v2\/tags?post=22638"}],"curies":[{"name":"wp","href":"https:\/\/api.w.org\/{rel}","templated":true}]}}