{"id":22647,"date":"2019-09-25T15:10:53","date_gmt":"2019-09-25T15:10:53","guid":{"rendered":"https:\/\/sertv.gob.pa\/crisolfm\/?p=22647"},"modified":"2019-09-25T15:10:53","modified_gmt":"2019-09-25T15:10:53","slug":"ranking-de-los-paises-que-mas-redujeron-sus-emisiones-de-co2","status":"publish","type":"post","link":"https:\/\/sertv.gob.pa\/crisolfm\/ranking-de-los-paises-que-mas-redujeron-sus-emisiones-de-co2\/","title":{"rendered":"R\u00e1nking de los pa\u00edses que m\u00e1s redujeron sus emisiones de CO2"},"content":{"rendered":"<p>La <strong>econom\u00eda espa\u00f1ola fue la cuarta<\/strong> que m\u00e1s redujo la intensidad de sus emisiones de CO2 en 2018, un 4,1 por ciento, por detr\u00e1s de los mayores descensos de Alemania, M\u00e9xico y Francia, seg\u00fan un informe de PwC.<\/p>\n<p>Entre las causas principales de este descenso que alega la nueva edici\u00f3n del estudio &#8216;Low Carbon Economy Index&#8217;, en el que PwC elabora por und\u00e9cimo a\u00f1o consecutivo el progreso en materia de emisiones de los pa\u00edses del G20, est\u00e1n las condiciones clim\u00e1ticas del \u00fatimo a\u00f1o.<\/p>\n<p>As\u00ed, el informe a\u00f1ade que la econom\u00eda mundial \u00absigue alej\u00e1ndose de los objetivos del Acuerdo de Par\u00eds\u00bb, ya que apenas el G20 redujo una tasa del 1,6 muy por debajo de la necesaria. Las cifras de PwC apuntan que<strong> cada vez es m\u00e1s dif\u00edcil cumplir con los objetivos <\/strong>mundiales.<\/p>\n<p>ECOticias<\/p>\n","protected":false},"excerpt":{"rendered":"<p>La econom\u00eda espa\u00f1ola fue la cuarta que m\u00e1s redujo la <a href=\"https:\/\/sertv.gob.pa\/crisolfm\/ranking-de-los-paises-que-mas-redujeron-sus-emisiones-de-co2\/\"> [&#8230;]<\/a><\/p>\n","protected":false},"author":64,"featured_media":22648,"comment_status":"closed","ping_status":"closed","sticky":false,"template":"","format":"standard","meta":{"footnotes":""},"categories":[7],"tags":[],"class_list":["post-22647","post","type-post","status-publish","format-standard","has-post-thumbnail","hentry","category-ecologicas"],"_links":{"self":[{"href":"https:\/\/sertv.gob.pa\/crisolfm\/wp-json\/wp\/v2\/posts\/22647","targetHints":{"allow":["GET"]}}],"collection":[{"href":"https:\/\/sertv.gob.pa\/crisolfm\/wp-json\/wp\/v2\/posts"}],"about":[{"href":"https:\/\/sertv.gob.pa\/crisolfm\/wp-json\/wp\/v2\/types\/post"}],"author":[{"embeddable":true,"href":"https:\/\/sertv.gob.pa\/crisolfm\/wp-json\/wp\/v2\/users\/64"}],"replies":[{"embeddable":true,"href":"https:\/\/sertv.gob.pa\/crisolfm\/wp-json\/wp\/v2\/comments?post=22647"}],"version-history":[{"count":1,"href":"https:\/\/sertv.gob.pa\/crisolfm\/wp-json\/wp\/v2\/posts\/22647\/revisions"}],"predecessor-version":[{"id":22649,"href":"https:\/\/sertv.gob.pa\/crisolfm\/wp-json\/wp\/v2\/posts\/22647\/revisions\/22649"}],"wp:featuredmedia":[{"embeddable":true,"href":"https:\/\/sertv.gob.pa\/crisolfm\/wp-json\/wp\/v2\/media\/22648"}],"wp:attachment":[{"href":"https:\/\/sertv.gob.pa\/crisolfm\/wp-json\/wp\/v2\/media?parent=22647"}],"wp:term":[{"taxonomy":"category","embeddable":true,"href":"https:\/\/sertv.gob.pa\/crisolfm\/wp-json\/wp\/v2\/categories?post=22647"},{"taxonomy":"post_tag","embeddable":true,"href":"https:\/\/sertv.gob.pa\/crisolfm\/wp-json\/wp\/v2\/tags?post=22647"}],"curies":[{"name":"wp","href":"https:\/\/api.w.org\/{rel}","templated":true}]}}