{"id":22651,"date":"2019-09-25T15:25:08","date_gmt":"2019-09-25T15:25:08","guid":{"rendered":"https:\/\/sertv.gob.pa\/crisolfm\/?p=22651"},"modified":"2019-09-25T15:25:08","modified_gmt":"2019-09-25T15:25:08","slug":"la-contaminacion-del-aire-incrementa-los-problemas-de-salud-mental-en-ninos","status":"publish","type":"post","link":"https:\/\/sertv.gob.pa\/crisolfm\/la-contaminacion-del-aire-incrementa-los-problemas-de-salud-mental-en-ninos\/","title":{"rendered":"La contaminaci\u00f3n del aire incrementa los problemas de salud mental en ni\u00f1os"},"content":{"rendered":"<p>Tres nuevos estudios realizados por cient\u00edficos del Centro M\u00e9dico del Hospital de Ni\u00f1os de Cincinnati, en colaboraci\u00f3n con investigadores de la Universidad de Cincinnati, en Estados Unidos, resaltan la relaci\u00f3n entre la<strong> contaminaci\u00f3n del aire y la salud mental<\/strong> en los ni\u00f1os.<\/p>\n<p>El estudio, que se publica en la revista &#8216;Environmental Health Perspectives&#8217;, descubri\u00f3 que la exposici\u00f3n a corto plazo a la contaminaci\u00f3n del aire ambiental se asoci\u00f3 con exacerbaciones de los trastornos psiqui\u00e1tricos en los ni\u00f1os uno o dos d\u00edas despu\u00e9s, como comprobaron por el mayor uso de las urgencias del hospital participante en el estudio.<\/p>\n<p>Tambi\u00e9n encontraron que los ni\u00f1os que viven en barrios desfavorecidos pueden ser m\u00e1s susceptibles a los efectos de la contaminaci\u00f3n del aire en comparaci\u00f3n con otros, especialmente para los trastornos relacionados con la <strong>ansiedad y el suicidio.<\/strong><\/p>\n<p>\u00abEste estudio es el primero en mostrar una asociaci\u00f3n entre los niveles diarios de contaminaci\u00f3n del aire exterior y el aumento de los s\u00edntomas de los trastornos psiqui\u00e1tricos, como la ansiedad y las tendencias suicidas, en los ni\u00f1os\u00bb, resalta el doctor Cole Brokamp.<\/p>\n<p>\u00abSe necesita m\u00e1s investigaci\u00f3n para confirmar estos hallazgos, pero podr\u00eda conducir a nuevas estrategias de prevenci\u00f3n para los ni\u00f1os que experimentan s\u00edntomas relacionados con un trastorno psiqui\u00e1trico\u00bb &#8211;agrega&#8211;.<\/p>\n<p>&nbsp;<\/p>\n<p>ECOticias<\/p>\n","protected":false},"excerpt":{"rendered":"<p>Tres nuevos estudios realizados por cient\u00edficos del Centro M\u00e9dico del <a href=\"https:\/\/sertv.gob.pa\/crisolfm\/la-contaminacion-del-aire-incrementa-los-problemas-de-salud-mental-en-ninos\/\"> [&#8230;]<\/a><\/p>\n","protected":false},"author":64,"featured_media":22653,"comment_status":"closed","ping_status":"closed","sticky":false,"template":"","format":"standard","meta":{"footnotes":""},"categories":[7],"tags":[],"class_list":["post-22651","post","type-post","status-publish","format-standard","has-post-thumbnail","hentry","category-ecologicas"],"_links":{"self":[{"href":"https:\/\/sertv.gob.pa\/crisolfm\/wp-json\/wp\/v2\/posts\/22651","targetHints":{"allow":["GET"]}}],"collection":[{"href":"https:\/\/sertv.gob.pa\/crisolfm\/wp-json\/wp\/v2\/posts"}],"about":[{"href":"https:\/\/sertv.gob.pa\/crisolfm\/wp-json\/wp\/v2\/types\/post"}],"author":[{"embeddable":true,"href":"https:\/\/sertv.gob.pa\/crisolfm\/wp-json\/wp\/v2\/users\/64"}],"replies":[{"embeddable":true,"href":"https:\/\/sertv.gob.pa\/crisolfm\/wp-json\/wp\/v2\/comments?post=22651"}],"version-history":[{"count":1,"href":"https:\/\/sertv.gob.pa\/crisolfm\/wp-json\/wp\/v2\/posts\/22651\/revisions"}],"predecessor-version":[{"id":22654,"href":"https:\/\/sertv.gob.pa\/crisolfm\/wp-json\/wp\/v2\/posts\/22651\/revisions\/22654"}],"wp:featuredmedia":[{"embeddable":true,"href":"https:\/\/sertv.gob.pa\/crisolfm\/wp-json\/wp\/v2\/media\/22653"}],"wp:attachment":[{"href":"https:\/\/sertv.gob.pa\/crisolfm\/wp-json\/wp\/v2\/media?parent=22651"}],"wp:term":[{"taxonomy":"category","embeddable":true,"href":"https:\/\/sertv.gob.pa\/crisolfm\/wp-json\/wp\/v2\/categories?post=22651"},{"taxonomy":"post_tag","embeddable":true,"href":"https:\/\/sertv.gob.pa\/crisolfm\/wp-json\/wp\/v2\/tags?post=22651"}],"curies":[{"name":"wp","href":"https:\/\/api.w.org\/{rel}","templated":true}]}}