{"id":22655,"date":"2019-09-25T15:37:49","date_gmt":"2019-09-25T15:37:49","guid":{"rendered":"https:\/\/sertv.gob.pa\/crisolfm\/?p=22655"},"modified":"2019-09-25T15:37:49","modified_gmt":"2019-09-25T15:37:49","slug":"somos-el-planeta-defendiendose-a-si-mismo","status":"publish","type":"post","link":"https:\/\/sertv.gob.pa\/crisolfm\/somos-el-planeta-defendiendose-a-si-mismo\/","title":{"rendered":"Somos el planeta defendi\u00e9ndose a s\u00ed mismo"},"content":{"rendered":"<p><a href=\"https:\/\/www.youtube.com\/watch?v=Nqx-4502y3E\" target=\"_blank\" rel=\"noopener\">Mucho miedo y m\u00e1s valor<\/a>\u2019 es el resultado de un proceso colectivo entre Ecologistas en Acci\u00f3n y Tremenda Jaur\u00eda.<\/p>\n<p>\u201cPara nosotras\u201d, explican desde <strong>Tremenda Jaur\u00eda<\/strong>, \u201cha sido una oportunidad para poder apoyar las movilizaciones que est\u00e1n surgiendo en torno a la Huelga Mundial por el Clima de este 27 de septiembre\u201d.<\/p>\n<p>Despu\u00e9s de varias reuniones este verano en el centro social La Ingobernable de Madrid para poner en com\u00fan letra y base r\u00edtmica, Ecologistas en Acci\u00f3n y Tremenda Jaur\u00eda entraron en el estudio de grabaci\u00f3n para cantar el tema que presentan hoy.<\/p>\n<p>Seg\u00fan el grupo, \u201cha sido una experiencia de creaci\u00f3n colectiva muy potente de la que hemos aprendido much\u00edsimo, y m\u00e1s cuando lo haces de la mano de compa\u00f1eras que llevan tanto tiempo apostando por un <strong>ecologismo social, feminista y transformador<\/strong>\u201d.<\/p>\n<p>\u201cNo estamos aqu\u00ed pa\u2019 defender el planeta. Somos el planeta defendi\u00e9ndose a s\u00ed mismo\u201d, cantan Ecologistas en Acci\u00f3n con Tremenda Jaur\u00eda en una de las estrofas de la canci\u00f3n.<\/p>\n<p>Una canci\u00f3n que cantaremos y bailaremos como un zumbido de abejas en la <strong>#27SHuelgaMundialPorElClima<\/strong>.<\/p>\n<p>Elige tu bando, organiza tu miedo. \u00a1Que no cambie el clima y que viva el perreo!.<\/p>\n<p>&nbsp;<\/p>\n<p>ECOticias<\/p>\n","protected":false},"excerpt":{"rendered":"<p>Mucho miedo y m\u00e1s valor\u2019 es el resultado de un <a href=\"https:\/\/sertv.gob.pa\/crisolfm\/somos-el-planeta-defendiendose-a-si-mismo\/\"> [&#8230;]<\/a><\/p>\n","protected":false},"author":64,"featured_media":22656,"comment_status":"closed","ping_status":"closed","sticky":false,"template":"","format":"standard","meta":{"footnotes":""},"categories":[7],"tags":[],"class_list":["post-22655","post","type-post","status-publish","format-standard","has-post-thumbnail","hentry","category-ecologicas"],"_links":{"self":[{"href":"https:\/\/sertv.gob.pa\/crisolfm\/wp-json\/wp\/v2\/posts\/22655","targetHints":{"allow":["GET"]}}],"collection":[{"href":"https:\/\/sertv.gob.pa\/crisolfm\/wp-json\/wp\/v2\/posts"}],"about":[{"href":"https:\/\/sertv.gob.pa\/crisolfm\/wp-json\/wp\/v2\/types\/post"}],"author":[{"embeddable":true,"href":"https:\/\/sertv.gob.pa\/crisolfm\/wp-json\/wp\/v2\/users\/64"}],"replies":[{"embeddable":true,"href":"https:\/\/sertv.gob.pa\/crisolfm\/wp-json\/wp\/v2\/comments?post=22655"}],"version-history":[{"count":1,"href":"https:\/\/sertv.gob.pa\/crisolfm\/wp-json\/wp\/v2\/posts\/22655\/revisions"}],"predecessor-version":[{"id":22657,"href":"https:\/\/sertv.gob.pa\/crisolfm\/wp-json\/wp\/v2\/posts\/22655\/revisions\/22657"}],"wp:featuredmedia":[{"embeddable":true,"href":"https:\/\/sertv.gob.pa\/crisolfm\/wp-json\/wp\/v2\/media\/22656"}],"wp:attachment":[{"href":"https:\/\/sertv.gob.pa\/crisolfm\/wp-json\/wp\/v2\/media?parent=22655"}],"wp:term":[{"taxonomy":"category","embeddable":true,"href":"https:\/\/sertv.gob.pa\/crisolfm\/wp-json\/wp\/v2\/categories?post=22655"},{"taxonomy":"post_tag","embeddable":true,"href":"https:\/\/sertv.gob.pa\/crisolfm\/wp-json\/wp\/v2\/tags?post=22655"}],"curies":[{"name":"wp","href":"https:\/\/api.w.org\/{rel}","templated":true}]}}