{"id":22661,"date":"2019-09-26T13:28:28","date_gmt":"2019-09-26T13:28:28","guid":{"rendered":"https:\/\/sertv.gob.pa\/crisolfm\/?p=22661"},"modified":"2019-09-26T13:28:28","modified_gmt":"2019-09-26T13:28:28","slug":"muere-tikiri-la-elefanta-esqueletica-que-provoco-una-gran-polemica-en-sri-lanka","status":"publish","type":"post","link":"https:\/\/sertv.gob.pa\/crisolfm\/muere-tikiri-la-elefanta-esqueletica-que-provoco-una-gran-polemica-en-sri-lanka\/","title":{"rendered":"Muere Tikiri, la elefanta esquel\u00e9tica que provoc\u00f3 una gran pol\u00e9mica en Sri Lanka"},"content":{"rendered":"<p><strong>Tikiri, <\/strong>una elefanta de 70 a\u00f1os que iba a desfilar en un<strong> festival budista en Sri Lanka <\/strong>y cuyo estado de salud indign\u00f3 en las redes sociales, falleci\u00f3 anunci\u00f3 un responsable del ministerio de la Fauna.<\/p>\n<p>El gobierno ha pedido que se la haga una autopsia al animal, una elefanta asi\u00e1tica domesticada que falleci\u00f3 en la <strong>ciudad de Kegalle,<\/strong> a 80 kil\u00f3metros de<strong> Colombo,<\/strong> la capital del pa\u00eds.<\/p>\n<p>Seg\u00fan Jayantha Jayewardene, un experto en elefantes, <strong>Tikiri <\/strong>fue v\u00edctima de maltrato.<strong><em> \u201cEstaba gravemente desnutrida\u201d, dijo. \u201cEs incre\u00edble que haya vivido tanto tiempo\u201d.<\/em><\/strong> El animal fue confiscado el mes pasado, cuando iba a participar en el conocido desfile anual en el Templo del Diente, en la ciudad de Kandy, despu\u00e9s de que las im\u00e1genes de<strong> Tikiri<\/strong> desataran una pol\u00e9mica en las redes sociales.<\/p>\n<p>AP<\/p>\n","protected":false},"excerpt":{"rendered":"<p>Tikiri, una elefanta de 70 a\u00f1os que iba a desfilar <a href=\"https:\/\/sertv.gob.pa\/crisolfm\/muere-tikiri-la-elefanta-esqueletica-que-provoco-una-gran-polemica-en-sri-lanka\/\"> [&#8230;]<\/a><\/p>\n","protected":false},"author":64,"featured_media":22663,"comment_status":"closed","ping_status":"closed","sticky":false,"template":"","format":"standard","meta":{"footnotes":""},"categories":[7],"tags":[],"class_list":["post-22661","post","type-post","status-publish","format-standard","has-post-thumbnail","hentry","category-ecologicas"],"_links":{"self":[{"href":"https:\/\/sertv.gob.pa\/crisolfm\/wp-json\/wp\/v2\/posts\/22661","targetHints":{"allow":["GET"]}}],"collection":[{"href":"https:\/\/sertv.gob.pa\/crisolfm\/wp-json\/wp\/v2\/posts"}],"about":[{"href":"https:\/\/sertv.gob.pa\/crisolfm\/wp-json\/wp\/v2\/types\/post"}],"author":[{"embeddable":true,"href":"https:\/\/sertv.gob.pa\/crisolfm\/wp-json\/wp\/v2\/users\/64"}],"replies":[{"embeddable":true,"href":"https:\/\/sertv.gob.pa\/crisolfm\/wp-json\/wp\/v2\/comments?post=22661"}],"version-history":[{"count":1,"href":"https:\/\/sertv.gob.pa\/crisolfm\/wp-json\/wp\/v2\/posts\/22661\/revisions"}],"predecessor-version":[{"id":22664,"href":"https:\/\/sertv.gob.pa\/crisolfm\/wp-json\/wp\/v2\/posts\/22661\/revisions\/22664"}],"wp:featuredmedia":[{"embeddable":true,"href":"https:\/\/sertv.gob.pa\/crisolfm\/wp-json\/wp\/v2\/media\/22663"}],"wp:attachment":[{"href":"https:\/\/sertv.gob.pa\/crisolfm\/wp-json\/wp\/v2\/media?parent=22661"}],"wp:term":[{"taxonomy":"category","embeddable":true,"href":"https:\/\/sertv.gob.pa\/crisolfm\/wp-json\/wp\/v2\/categories?post=22661"},{"taxonomy":"post_tag","embeddable":true,"href":"https:\/\/sertv.gob.pa\/crisolfm\/wp-json\/wp\/v2\/tags?post=22661"}],"curies":[{"name":"wp","href":"https:\/\/api.w.org\/{rel}","templated":true}]}}