{"id":22693,"date":"2019-09-26T15:28:19","date_gmt":"2019-09-26T15:28:19","guid":{"rendered":"https:\/\/sertv.gob.pa\/crisolfm\/?p=22693"},"modified":"2019-09-26T15:28:19","modified_gmt":"2019-09-26T15:28:19","slug":"la-liebre-de-durero-vuelve-a-salir-de-su-madriguera","status":"publish","type":"post","link":"https:\/\/sertv.gob.pa\/crisolfm\/la-liebre-de-durero-vuelve-a-salir-de-su-madriguera\/","title":{"rendered":"La liebre\u00bb de Durero vuelve a salir de su \u00abmadriguera\u00bb"},"content":{"rendered":"<p>Suele salir muy poco de su \u00abmadriguera\u00bb, para preservarse de la luz, pero la liebre m\u00e1s famosa de la Historia del Arte podr\u00e1 verse de nuevo en todo su esplendor en la nueva gran exposici\u00f3n sobre el genio alem\u00e1n <strong>Alberto Durero (1471-1528)<\/strong> que la <strong>Galer\u00eda Albertina de Viena<\/strong> abre al p\u00fablico ma\u00f1ana. \u00abUna exposici\u00f3n as\u00ed s\u00f3lo se puede hacer aqu\u00ed y no se volver\u00e1 a repetir\u00bb, sentencia Christof Metzger, comisario de la exposici\u00f3n. Se refiere no solo a las pocas veces que se muestra el original de <strong>\u00abLa liebre\u00bb<\/strong> al p\u00fablico, sino tambi\u00e9n a las 140 obras que este hist\u00f3rico museo vien\u00e9s atesora del mayor representante del Renacimiento al norte de los Alpes.<\/p>\n<p>A partir de esos fondos propios, la colecci\u00f3n de Durero m\u00e1s importante del mundo, la Galer\u00eda Albertina ha montado de arrojar nueva luz sobre c\u00f3mo creaba y entend\u00eda el arte. Como siempre, \u00abLa liebre\u00bb, el impresionante retrato detallista en el que se percibe cada pelo del animal, es uno de los principales reclamos de esta exposici\u00f3n. La obra no abandonaba la <strong>c\u00e1mara oscura<\/strong> en la que se preserva desde el a\u00f1o 2016, cuando estuvo colgado durante apenas unas horas. Antes de eso, hab\u00eda estado dos a\u00f1os sin exponerse y, tras esta muestra, volver\u00e1 a los s\u00f3tanos de la Albertina por, al menos, otro lustro, aseguran desde el propio museo.<\/p>\n<p>A esa obra maestra se suman<strong> docenas de dibujos, grabados y acuarelas<\/strong> que posee la Albertina, completados con pr\u00e9stamos tan importantes como \u00abLa Adoraci\u00f3n de los Reyes Magos\u00bb, que llega de los Uffizi de Florencia; \u00abJes\u00fas entre los doctores\u00bb, del Thyssen de Madrid; o \u00abRetrato de hombre\u00bb, del Prado. En total, <strong>200 piezas<\/strong> que, en lo cuantitativo y cualitativo, superan otras grandes exposiciones dedicadas a Durero en los \u00faltimos a\u00f1os, incluso a la organizada por la propia Albertina cuando reabri\u00f3 renovada sus puertas en 2003, y que fue visitada entonces por m\u00e1s de 400.000 personas.<\/p>\n<p>ABC Cultura<\/p>\n","protected":false},"excerpt":{"rendered":"<p>Suele salir muy poco de su \u00abmadriguera\u00bb, para preservarse de <a href=\"https:\/\/sertv.gob.pa\/crisolfm\/la-liebre-de-durero-vuelve-a-salir-de-su-madriguera\/\"> [&#8230;]<\/a><\/p>\n","protected":false},"author":64,"featured_media":22694,"comment_status":"closed","ping_status":"closed","sticky":false,"template":"","format":"standard","meta":{"footnotes":""},"categories":[6],"tags":[],"class_list":["post-22693","post","type-post","status-publish","format-standard","has-post-thumbnail","hentry","category-culturales"],"_links":{"self":[{"href":"https:\/\/sertv.gob.pa\/crisolfm\/wp-json\/wp\/v2\/posts\/22693","targetHints":{"allow":["GET"]}}],"collection":[{"href":"https:\/\/sertv.gob.pa\/crisolfm\/wp-json\/wp\/v2\/posts"}],"about":[{"href":"https:\/\/sertv.gob.pa\/crisolfm\/wp-json\/wp\/v2\/types\/post"}],"author":[{"embeddable":true,"href":"https:\/\/sertv.gob.pa\/crisolfm\/wp-json\/wp\/v2\/users\/64"}],"replies":[{"embeddable":true,"href":"https:\/\/sertv.gob.pa\/crisolfm\/wp-json\/wp\/v2\/comments?post=22693"}],"version-history":[{"count":1,"href":"https:\/\/sertv.gob.pa\/crisolfm\/wp-json\/wp\/v2\/posts\/22693\/revisions"}],"predecessor-version":[{"id":22695,"href":"https:\/\/sertv.gob.pa\/crisolfm\/wp-json\/wp\/v2\/posts\/22693\/revisions\/22695"}],"wp:featuredmedia":[{"embeddable":true,"href":"https:\/\/sertv.gob.pa\/crisolfm\/wp-json\/wp\/v2\/media\/22694"}],"wp:attachment":[{"href":"https:\/\/sertv.gob.pa\/crisolfm\/wp-json\/wp\/v2\/media?parent=22693"}],"wp:term":[{"taxonomy":"category","embeddable":true,"href":"https:\/\/sertv.gob.pa\/crisolfm\/wp-json\/wp\/v2\/categories?post=22693"},{"taxonomy":"post_tag","embeddable":true,"href":"https:\/\/sertv.gob.pa\/crisolfm\/wp-json\/wp\/v2\/tags?post=22693"}],"curies":[{"name":"wp","href":"https:\/\/api.w.org\/{rel}","templated":true}]}}