{"id":22700,"date":"2019-09-26T20:25:22","date_gmt":"2019-09-26T20:25:22","guid":{"rendered":"https:\/\/sertv.gob.pa\/crisolfm\/?p=22700"},"modified":"2019-09-26T20:25:22","modified_gmt":"2019-09-26T20:25:22","slug":"coronan-a-la-reina-del-festival-nacional-de-la-mejorana-en-guarare","status":"publish","type":"post","link":"https:\/\/sertv.gob.pa\/crisolfm\/coronan-a-la-reina-del-festival-nacional-de-la-mejorana-en-guarare\/","title":{"rendered":"Coronan a la reina del Festival Nacional de la Mejorana en Guarar\u00e9"},"content":{"rendered":"<p>Como parte de las actividades del sexag\u00e9simo noveno Festival Nacional de la Mejorana, Neslie Mercedes Guti\u00e9rrez D\u00edaz fue coronada la noche del mi\u00e9rcoles 25 de septiembre como nueva soberana de este evento folcl\u00f3rico que anualmente se realiza en el pintoresco pueblo de Guarar\u00e9, provincia de Los Santos.<\/p>\n<p>Le correspondi\u00f3 a la reina saliente Zaray Dionela C\u00f3rdoba ponerle la corona Guti\u00e9rrez D\u00edaz, la dama que engalanar\u00e1 este Festival que fuera ideado por Manuel Fernando Z\u00e1rate en 1949.<\/p>\n<p>David Vergara, presidente del patronato, destac\u00f3 que en esta actividad -que se extiende hasta este domingo 29 de septiembre- se puede disfrutar de las distintas expresiones folcl\u00f3ricas de diferentes partes de la Rep\u00fablica, de las fiestas de toro, de los concursos y del desfile de carretas.<\/p>\n<p>&nbsp;<\/p>\n<p>&nbsp;<\/p>\n","protected":false},"excerpt":{"rendered":"<p>Como parte de las actividades del sexag\u00e9simo noveno Festival Nacional <a href=\"https:\/\/sertv.gob.pa\/crisolfm\/coronan-a-la-reina-del-festival-nacional-de-la-mejorana-en-guarare\/\"> [&#8230;]<\/a><\/p>\n","protected":false},"author":64,"featured_media":22701,"comment_status":"closed","ping_status":"closed","sticky":false,"template":"","format":"standard","meta":{"footnotes":""},"categories":[6],"tags":[],"class_list":["post-22700","post","type-post","status-publish","format-standard","has-post-thumbnail","hentry","category-culturales"],"_links":{"self":[{"href":"https:\/\/sertv.gob.pa\/crisolfm\/wp-json\/wp\/v2\/posts\/22700","targetHints":{"allow":["GET"]}}],"collection":[{"href":"https:\/\/sertv.gob.pa\/crisolfm\/wp-json\/wp\/v2\/posts"}],"about":[{"href":"https:\/\/sertv.gob.pa\/crisolfm\/wp-json\/wp\/v2\/types\/post"}],"author":[{"embeddable":true,"href":"https:\/\/sertv.gob.pa\/crisolfm\/wp-json\/wp\/v2\/users\/64"}],"replies":[{"embeddable":true,"href":"https:\/\/sertv.gob.pa\/crisolfm\/wp-json\/wp\/v2\/comments?post=22700"}],"version-history":[{"count":1,"href":"https:\/\/sertv.gob.pa\/crisolfm\/wp-json\/wp\/v2\/posts\/22700\/revisions"}],"predecessor-version":[{"id":22702,"href":"https:\/\/sertv.gob.pa\/crisolfm\/wp-json\/wp\/v2\/posts\/22700\/revisions\/22702"}],"wp:featuredmedia":[{"embeddable":true,"href":"https:\/\/sertv.gob.pa\/crisolfm\/wp-json\/wp\/v2\/media\/22701"}],"wp:attachment":[{"href":"https:\/\/sertv.gob.pa\/crisolfm\/wp-json\/wp\/v2\/media?parent=22700"}],"wp:term":[{"taxonomy":"category","embeddable":true,"href":"https:\/\/sertv.gob.pa\/crisolfm\/wp-json\/wp\/v2\/categories?post=22700"},{"taxonomy":"post_tag","embeddable":true,"href":"https:\/\/sertv.gob.pa\/crisolfm\/wp-json\/wp\/v2\/tags?post=22700"}],"curies":[{"name":"wp","href":"https:\/\/api.w.org\/{rel}","templated":true}]}}