{"id":22709,"date":"2019-09-27T13:34:54","date_gmt":"2019-09-27T13:34:54","guid":{"rendered":"https:\/\/sertv.gob.pa\/crisolfm\/?p=22709"},"modified":"2019-09-27T13:34:54","modified_gmt":"2019-09-27T13:34:54","slug":"sinaproc-advierte-sobre-mareas-de-mas-de-5-metros-de-altura","status":"publish","type":"post","link":"https:\/\/sertv.gob.pa\/crisolfm\/sinaproc-advierte-sobre-mareas-de-mas-de-5-metros-de-altura\/","title":{"rendered":"Sinaproc advierte sobre mareas de m\u00e1s de 5 metros de altura"},"content":{"rendered":"<p>Un aviso de prevenci\u00f3n (vigilancia y monitoreo) a partir de las 10:00 a.m. de este viernes, 27 de septiembre hasta las 12:00 p.m. del viernes, 4 de octubre, emiti\u00f3 el Sistema Nacional de Protecci\u00f3n Civil (Sinaproc), ante el registro de m\u00e1ximas mareas en el pac\u00edfico paname\u00f1o. Sinaproc advirti\u00f3 que las mareas alcanzar\u00e1n hasta los 5.67 metros de altura o 18.6 pies de altura.<\/p>\n<p>El director general de la instituci\u00f3n, Omar Smith Gallardo, solicit\u00f3 a la poblaci\u00f3n costera que sigan las medidas de prevenci\u00f3n, ya que de coincidir la marea alta con las lluvias, \u00e9stas podr\u00edan aumentar los niveles de los r\u00edos y quebradas, causando inundaciones.<\/p>\n<p>&nbsp;<\/p>\n<p>&nbsp;<\/p>\n<p>&nbsp;<\/p>\n","protected":false},"excerpt":{"rendered":"<p>Un aviso de prevenci\u00f3n (vigilancia y monitoreo) a partir de <a href=\"https:\/\/sertv.gob.pa\/crisolfm\/sinaproc-advierte-sobre-mareas-de-mas-de-5-metros-de-altura\/\"> [&#8230;]<\/a><\/p>\n","protected":false},"author":64,"featured_media":22710,"comment_status":"closed","ping_status":"closed","sticky":false,"template":"","format":"standard","meta":{"footnotes":""},"categories":[7],"tags":[],"class_list":["post-22709","post","type-post","status-publish","format-standard","has-post-thumbnail","hentry","category-ecologicas"],"_links":{"self":[{"href":"https:\/\/sertv.gob.pa\/crisolfm\/wp-json\/wp\/v2\/posts\/22709","targetHints":{"allow":["GET"]}}],"collection":[{"href":"https:\/\/sertv.gob.pa\/crisolfm\/wp-json\/wp\/v2\/posts"}],"about":[{"href":"https:\/\/sertv.gob.pa\/crisolfm\/wp-json\/wp\/v2\/types\/post"}],"author":[{"embeddable":true,"href":"https:\/\/sertv.gob.pa\/crisolfm\/wp-json\/wp\/v2\/users\/64"}],"replies":[{"embeddable":true,"href":"https:\/\/sertv.gob.pa\/crisolfm\/wp-json\/wp\/v2\/comments?post=22709"}],"version-history":[{"count":1,"href":"https:\/\/sertv.gob.pa\/crisolfm\/wp-json\/wp\/v2\/posts\/22709\/revisions"}],"predecessor-version":[{"id":22711,"href":"https:\/\/sertv.gob.pa\/crisolfm\/wp-json\/wp\/v2\/posts\/22709\/revisions\/22711"}],"wp:featuredmedia":[{"embeddable":true,"href":"https:\/\/sertv.gob.pa\/crisolfm\/wp-json\/wp\/v2\/media\/22710"}],"wp:attachment":[{"href":"https:\/\/sertv.gob.pa\/crisolfm\/wp-json\/wp\/v2\/media?parent=22709"}],"wp:term":[{"taxonomy":"category","embeddable":true,"href":"https:\/\/sertv.gob.pa\/crisolfm\/wp-json\/wp\/v2\/categories?post=22709"},{"taxonomy":"post_tag","embeddable":true,"href":"https:\/\/sertv.gob.pa\/crisolfm\/wp-json\/wp\/v2\/tags?post=22709"}],"curies":[{"name":"wp","href":"https:\/\/api.w.org\/{rel}","templated":true}]}}