{"id":22715,"date":"2019-09-27T13:54:31","date_gmt":"2019-09-27T13:54:31","guid":{"rendered":"https:\/\/sertv.gob.pa\/crisolfm\/?p=22715"},"modified":"2019-09-27T13:54:31","modified_gmt":"2019-09-27T13:54:31","slug":"colegios-de-panama-centro-y-veraguas-ganan-concurso-nacional-por-la-excelencia-educativa-2019","status":"publish","type":"post","link":"https:\/\/sertv.gob.pa\/crisolfm\/colegios-de-panama-centro-y-veraguas-ganan-concurso-nacional-por-la-excelencia-educativa-2019\/","title":{"rendered":"Colegios de Panam\u00e1 centro y Veraguas ganan Concurso Nacional por la Excelencia Educativa 2019"},"content":{"rendered":"<p>Veintid\u00f3s centros educativos se disputaron el Concurso Nacional por la Excelencia Educativa 2019, este 26 de septiembre, resultando ganadores colegios de la regi\u00f3n de Panam\u00e1 centro y la provincia de Veraguas.<\/p>\n<p>La Escuela Biling\u00fce Jap\u00f3n, de Panam\u00e1 centro, gan\u00f3 la categor\u00eda de sexto grado; el Colegio Nuestra Se\u00f1ora de la Merced, tambi\u00e9n de Panam\u00e1 centro, se llev\u00f3 la categor\u00eda de noveno grado y el Instituto Urrac\u00e1, de Veraguas, venci\u00f3 en la categor\u00eda de duod\u00e9cimo grado. Los estudiantes de estos centros escolares obtuvieron los mejores resultados en las pruebas de matem\u00e1ticas, ciencias y lenguaje que se les aplicaron en julio y agosto de este a\u00f1o.<\/p>\n<p>La ceremonia de premiaci\u00f3n de la competencia escolar, organizada por la Fundaci\u00f3n para la Promoci\u00f3n de la Excelencia Educativa, se realiz\u00f3 en el Centro de Convenciones Atlapa y contaba con 22 finalistas.<\/p>\n<p>&nbsp;<\/p>\n<p>&nbsp;<\/p>\n","protected":false},"excerpt":{"rendered":"<p>Veintid\u00f3s centros educativos se disputaron el Concurso Nacional por la <a href=\"https:\/\/sertv.gob.pa\/crisolfm\/colegios-de-panama-centro-y-veraguas-ganan-concurso-nacional-por-la-excelencia-educativa-2019\/\"> [&#8230;]<\/a><\/p>\n","protected":false},"author":64,"featured_media":22716,"comment_status":"closed","ping_status":"closed","sticky":false,"template":"","format":"standard","meta":{"footnotes":""},"categories":[6],"tags":[],"class_list":["post-22715","post","type-post","status-publish","format-standard","has-post-thumbnail","hentry","category-culturales"],"_links":{"self":[{"href":"https:\/\/sertv.gob.pa\/crisolfm\/wp-json\/wp\/v2\/posts\/22715","targetHints":{"allow":["GET"]}}],"collection":[{"href":"https:\/\/sertv.gob.pa\/crisolfm\/wp-json\/wp\/v2\/posts"}],"about":[{"href":"https:\/\/sertv.gob.pa\/crisolfm\/wp-json\/wp\/v2\/types\/post"}],"author":[{"embeddable":true,"href":"https:\/\/sertv.gob.pa\/crisolfm\/wp-json\/wp\/v2\/users\/64"}],"replies":[{"embeddable":true,"href":"https:\/\/sertv.gob.pa\/crisolfm\/wp-json\/wp\/v2\/comments?post=22715"}],"version-history":[{"count":1,"href":"https:\/\/sertv.gob.pa\/crisolfm\/wp-json\/wp\/v2\/posts\/22715\/revisions"}],"predecessor-version":[{"id":22717,"href":"https:\/\/sertv.gob.pa\/crisolfm\/wp-json\/wp\/v2\/posts\/22715\/revisions\/22717"}],"wp:featuredmedia":[{"embeddable":true,"href":"https:\/\/sertv.gob.pa\/crisolfm\/wp-json\/wp\/v2\/media\/22716"}],"wp:attachment":[{"href":"https:\/\/sertv.gob.pa\/crisolfm\/wp-json\/wp\/v2\/media?parent=22715"}],"wp:term":[{"taxonomy":"category","embeddable":true,"href":"https:\/\/sertv.gob.pa\/crisolfm\/wp-json\/wp\/v2\/categories?post=22715"},{"taxonomy":"post_tag","embeddable":true,"href":"https:\/\/sertv.gob.pa\/crisolfm\/wp-json\/wp\/v2\/tags?post=22715"}],"curies":[{"name":"wp","href":"https:\/\/api.w.org\/{rel}","templated":true}]}}