{"id":22727,"date":"2019-09-27T14:21:15","date_gmt":"2019-09-27T14:21:15","guid":{"rendered":"https:\/\/sertv.gob.pa\/crisolfm\/?p=22727"},"modified":"2019-09-27T14:21:15","modified_gmt":"2019-09-27T14:21:15","slug":"carrera-contrareloj-contra-el-cambio-climatico-segun-el-principe-enrique","status":"publish","type":"post","link":"https:\/\/sertv.gob.pa\/crisolfm\/carrera-contrareloj-contra-el-cambio-climatico-segun-el-principe-enrique\/","title":{"rendered":"\u00abCarrera contrareloj\u00bb contra el cambio clim\u00e1tico, seg\u00fan el pr\u00edncipe Enrique"},"content":{"rendered":"<p>El pr\u00edncipe Enrique afirm\u00f3 este jueves en Botsuana que se libra \u00abuna carrera contrareloj\u00bb contra el cambio clim\u00e1tico, y expres\u00f3 su apoyo a la joven sueca Greta Thunberg, s\u00edmbolo internacional de la conciencia ecol\u00f3gica de los j\u00f3venes.<\/p>\n<p>\u00abLiderados por Greta, los ni\u00f1os del mundo estaban en huelga la semana pasada\u00bb para protestar contra el calentamiento global, declar\u00f3 el duque de Sussex en un video colgado por la televisi\u00f3n brit\u00e1nica ITV. M\u00e1s de cuatro millones de j\u00f3venes -y de adultos- se movilizaron el 20 de septiembre en todo el mundo para un \u00abFriday for Future\u00bb mundial, movimiento de huelga de clases lanzado hace un a\u00f1o por la joven sueca.<\/p>\n<p>\u00abPienso que es urgente (proteger el planeta). Es una carrera contrareloj y la estamos perdiendo\u00bb, agreg\u00f3 Enrique, durante una visita al parque Chobe, al norte de Botsuana, segunda etapa de su gira por \u00c1frica austral. \u00abNo comprendo que nadie en el mundo (..), ustedes, nosotros, los dirigentes, pueda negar la ciencia\u00bb afirm\u00f3, aludiendo sin nombrarlos a los dirigentes esc\u00e9pticos frente al cambio clim\u00e1tico. \u00abSi cuidamos a la naturaleza, la naturaleza cuidar\u00e1 de nosotros\u00bb, subray\u00f3 el duque de Sussex.<\/p>\n<p>AFP<\/p>\n","protected":false},"excerpt":{"rendered":"<p>El pr\u00edncipe Enrique afirm\u00f3 este jueves en Botsuana que se <a href=\"https:\/\/sertv.gob.pa\/crisolfm\/carrera-contrareloj-contra-el-cambio-climatico-segun-el-principe-enrique\/\"> [&#8230;]<\/a><\/p>\n","protected":false},"author":64,"featured_media":22728,"comment_status":"closed","ping_status":"closed","sticky":false,"template":"","format":"standard","meta":{"footnotes":""},"categories":[7],"tags":[],"class_list":["post-22727","post","type-post","status-publish","format-standard","has-post-thumbnail","hentry","category-ecologicas"],"_links":{"self":[{"href":"https:\/\/sertv.gob.pa\/crisolfm\/wp-json\/wp\/v2\/posts\/22727","targetHints":{"allow":["GET"]}}],"collection":[{"href":"https:\/\/sertv.gob.pa\/crisolfm\/wp-json\/wp\/v2\/posts"}],"about":[{"href":"https:\/\/sertv.gob.pa\/crisolfm\/wp-json\/wp\/v2\/types\/post"}],"author":[{"embeddable":true,"href":"https:\/\/sertv.gob.pa\/crisolfm\/wp-json\/wp\/v2\/users\/64"}],"replies":[{"embeddable":true,"href":"https:\/\/sertv.gob.pa\/crisolfm\/wp-json\/wp\/v2\/comments?post=22727"}],"version-history":[{"count":1,"href":"https:\/\/sertv.gob.pa\/crisolfm\/wp-json\/wp\/v2\/posts\/22727\/revisions"}],"predecessor-version":[{"id":22729,"href":"https:\/\/sertv.gob.pa\/crisolfm\/wp-json\/wp\/v2\/posts\/22727\/revisions\/22729"}],"wp:featuredmedia":[{"embeddable":true,"href":"https:\/\/sertv.gob.pa\/crisolfm\/wp-json\/wp\/v2\/media\/22728"}],"wp:attachment":[{"href":"https:\/\/sertv.gob.pa\/crisolfm\/wp-json\/wp\/v2\/media?parent=22727"}],"wp:term":[{"taxonomy":"category","embeddable":true,"href":"https:\/\/sertv.gob.pa\/crisolfm\/wp-json\/wp\/v2\/categories?post=22727"},{"taxonomy":"post_tag","embeddable":true,"href":"https:\/\/sertv.gob.pa\/crisolfm\/wp-json\/wp\/v2\/tags?post=22727"}],"curies":[{"name":"wp","href":"https:\/\/api.w.org\/{rel}","templated":true}]}}