{"id":22733,"date":"2019-09-27T14:38:23","date_gmt":"2019-09-27T14:38:23","guid":{"rendered":"https:\/\/sertv.gob.pa\/crisolfm\/?p=22733"},"modified":"2019-09-27T14:38:23","modified_gmt":"2019-09-27T14:38:23","slug":"el-carnaval-tableno-a-salvo","status":"publish","type":"post","link":"https:\/\/sertv.gob.pa\/crisolfm\/el-carnaval-tableno-a-salvo\/","title":{"rendered":"El Carnaval table\u00f1o a salvo"},"content":{"rendered":"<p>Tras reunirse con representantes locales y las tunas de Calle Arriba y Calle Abajo, el alcalde de Las Tablas, \u00c1ngel Barrios, vet\u00f3 el acuerdo municipal que otorgaba espacios p\u00fablicos a una compa\u00f1\u00eda privada de organizaci\u00f3n de eventos durante el carnaval table\u00f1o.<\/p>\n<p>\u201cTenemos que tener en cuenta a los actores principales del carnaval, y esas son las tunas tradicionales. Hay que trabajar con la gente del distrito y apoyar la actividad\u201d se\u00f1al\u00f3 Barrios.<\/p>\n<p>&nbsp;<\/p>\n","protected":false},"excerpt":{"rendered":"<p>Tras reunirse con representantes locales y las tunas de Calle <a href=\"https:\/\/sertv.gob.pa\/crisolfm\/el-carnaval-tableno-a-salvo\/\"> [&#8230;]<\/a><\/p>\n","protected":false},"author":64,"featured_media":22734,"comment_status":"closed","ping_status":"closed","sticky":false,"template":"","format":"standard","meta":{"footnotes":""},"categories":[6],"tags":[],"class_list":["post-22733","post","type-post","status-publish","format-standard","has-post-thumbnail","hentry","category-culturales"],"_links":{"self":[{"href":"https:\/\/sertv.gob.pa\/crisolfm\/wp-json\/wp\/v2\/posts\/22733","targetHints":{"allow":["GET"]}}],"collection":[{"href":"https:\/\/sertv.gob.pa\/crisolfm\/wp-json\/wp\/v2\/posts"}],"about":[{"href":"https:\/\/sertv.gob.pa\/crisolfm\/wp-json\/wp\/v2\/types\/post"}],"author":[{"embeddable":true,"href":"https:\/\/sertv.gob.pa\/crisolfm\/wp-json\/wp\/v2\/users\/64"}],"replies":[{"embeddable":true,"href":"https:\/\/sertv.gob.pa\/crisolfm\/wp-json\/wp\/v2\/comments?post=22733"}],"version-history":[{"count":1,"href":"https:\/\/sertv.gob.pa\/crisolfm\/wp-json\/wp\/v2\/posts\/22733\/revisions"}],"predecessor-version":[{"id":22735,"href":"https:\/\/sertv.gob.pa\/crisolfm\/wp-json\/wp\/v2\/posts\/22733\/revisions\/22735"}],"wp:featuredmedia":[{"embeddable":true,"href":"https:\/\/sertv.gob.pa\/crisolfm\/wp-json\/wp\/v2\/media\/22734"}],"wp:attachment":[{"href":"https:\/\/sertv.gob.pa\/crisolfm\/wp-json\/wp\/v2\/media?parent=22733"}],"wp:term":[{"taxonomy":"category","embeddable":true,"href":"https:\/\/sertv.gob.pa\/crisolfm\/wp-json\/wp\/v2\/categories?post=22733"},{"taxonomy":"post_tag","embeddable":true,"href":"https:\/\/sertv.gob.pa\/crisolfm\/wp-json\/wp\/v2\/tags?post=22733"}],"curies":[{"name":"wp","href":"https:\/\/api.w.org\/{rel}","templated":true}]}}