{"id":22737,"date":"2019-09-27T15:20:39","date_gmt":"2019-09-27T15:20:39","guid":{"rendered":"https:\/\/sertv.gob.pa\/crisolfm\/?p=22737"},"modified":"2019-09-27T15:20:39","modified_gmt":"2019-09-27T15:20:39","slug":"eu-devuelve-a-egipto-sarcofago-robado-que-se-exhibio-en-el-met-de-ny","status":"publish","type":"post","link":"https:\/\/sertv.gob.pa\/crisolfm\/eu-devuelve-a-egipto-sarcofago-robado-que-se-exhibio-en-el-met-de-ny\/","title":{"rendered":"EU devuelve a Egipto sarc\u00f3fago robado que se exhibi\u00f3 en el Met de NY"},"content":{"rendered":"<p>Autoridades estadounidenses devolvieron\u00a0a Egipto un sarc\u00f3fago comprado por el Metropolitan Museum de Nueva York en 2017, pero que se supo luego hab\u00eda sido robado en 2011, a\u00f1o del levantamiento contra el entonces presidente Hosni Mubarak.<\/p>\n<p>Este ata\u00fad de 1,8 metros de largo y ba\u00f1ado en oro fino, fue construido para la momia de Nedjemankh, sacerdote de alto rango del dios con cabeza de carnero Heryshef. Constituye la pieza central de una exposici\u00f3n que lleva su nombre en el museo neoyorquino y que debi\u00f3 ser interrumpida prematuramente el pasado febrero, cuando el Met lo entreg\u00f3 a la oficina del fiscal de distrito de Manhattan, Cyrus Vance Jr.<\/p>\n<p>Una investigaci\u00f3n conjunta realizada por autoridades de Estados Unidos, Egipto, Alemania y Francia concluy\u00f3 que el sarc\u00f3fago fue robado de Egipto en 2011.<\/p>\n<p>AFP<\/p>\n<p>&nbsp;<\/p>\n<p>&nbsp;<\/p>\n<p>&nbsp;<\/p>\n","protected":false},"excerpt":{"rendered":"<p>Autoridades estadounidenses devolvieron\u00a0a Egipto un sarc\u00f3fago comprado por el Metropolitan <a href=\"https:\/\/sertv.gob.pa\/crisolfm\/eu-devuelve-a-egipto-sarcofago-robado-que-se-exhibio-en-el-met-de-ny\/\"> [&#8230;]<\/a><\/p>\n","protected":false},"author":64,"featured_media":22738,"comment_status":"closed","ping_status":"closed","sticky":false,"template":"","format":"standard","meta":{"footnotes":""},"categories":[6],"tags":[],"class_list":["post-22737","post","type-post","status-publish","format-standard","has-post-thumbnail","hentry","category-culturales"],"_links":{"self":[{"href":"https:\/\/sertv.gob.pa\/crisolfm\/wp-json\/wp\/v2\/posts\/22737","targetHints":{"allow":["GET"]}}],"collection":[{"href":"https:\/\/sertv.gob.pa\/crisolfm\/wp-json\/wp\/v2\/posts"}],"about":[{"href":"https:\/\/sertv.gob.pa\/crisolfm\/wp-json\/wp\/v2\/types\/post"}],"author":[{"embeddable":true,"href":"https:\/\/sertv.gob.pa\/crisolfm\/wp-json\/wp\/v2\/users\/64"}],"replies":[{"embeddable":true,"href":"https:\/\/sertv.gob.pa\/crisolfm\/wp-json\/wp\/v2\/comments?post=22737"}],"version-history":[{"count":1,"href":"https:\/\/sertv.gob.pa\/crisolfm\/wp-json\/wp\/v2\/posts\/22737\/revisions"}],"predecessor-version":[{"id":22739,"href":"https:\/\/sertv.gob.pa\/crisolfm\/wp-json\/wp\/v2\/posts\/22737\/revisions\/22739"}],"wp:featuredmedia":[{"embeddable":true,"href":"https:\/\/sertv.gob.pa\/crisolfm\/wp-json\/wp\/v2\/media\/22738"}],"wp:attachment":[{"href":"https:\/\/sertv.gob.pa\/crisolfm\/wp-json\/wp\/v2\/media?parent=22737"}],"wp:term":[{"taxonomy":"category","embeddable":true,"href":"https:\/\/sertv.gob.pa\/crisolfm\/wp-json\/wp\/v2\/categories?post=22737"},{"taxonomy":"post_tag","embeddable":true,"href":"https:\/\/sertv.gob.pa\/crisolfm\/wp-json\/wp\/v2\/tags?post=22737"}],"curies":[{"name":"wp","href":"https:\/\/api.w.org\/{rel}","templated":true}]}}