{"id":22740,"date":"2019-09-27T15:33:53","date_gmt":"2019-09-27T15:33:53","guid":{"rendered":"https:\/\/sertv.gob.pa\/crisolfm\/?p=22740"},"modified":"2019-09-27T15:33:53","modified_gmt":"2019-09-27T15:33:53","slug":"exposicion-de-leonardo-da-vinci-en-el-louvre-genera-gran-expectativa-antes-de-su-inauguracion","status":"publish","type":"post","link":"https:\/\/sertv.gob.pa\/crisolfm\/exposicion-de-leonardo-da-vinci-en-el-louvre-genera-gran-expectativa-antes-de-su-inauguracion\/","title":{"rendered":"Exposici\u00f3n de Leonardo da Vinci en el Louvre genera gran expectativa antes de su inauguraci\u00f3n"},"content":{"rendered":"<p>A principios de a\u00f1o, el Louvre se convirti\u00f3 en el primer museo en marcar un r\u00e9cord que ninguna otra pinacoteca mundial hab\u00eda logrado hasta el momento: <strong>superar los diez millones de visitantes anuales<\/strong>.<\/p>\n<p>Una cifra que podr\u00eda superar, una vez haya acabado 2019, gracias a la exposici\u00f3n que ha programado sobre <strong>Leonardo da Vinci <\/strong><a href=\"https:\/\/www.abc.es\/cultura\/arte\/abci-500-anos-muerte-leonardo-vinci-abecedario-genio-201905020053_noticia.html\" target=\"_blank\" rel=\"noopener\">con motivo del 500 aniversario de su muerte<\/a>. La retrospectiva durar\u00e1 cuatro meses y <strong>estar\u00e1 abierta al p\u00fablico entre el 24 de octubre y el 24 de febrero<\/strong>. Sin embargo, la propia web de la muestra avisa de que la Mona Lisa continuar\u00e1 en las galer\u00edas de la colecci\u00f3n permanente.<\/p>\n<p>Seg\u00fan recoge <a href=\"https:\/\/www.lavanguardia.com\/cultura\/20190926\/47645202856\/exposicion-leonardo-louvre-entradas-ventas-records.html\" target=\"_blank\" rel=\"noopener\">\u00abLa vanguardia\u00bb<\/a>, la exposici\u00f3n sobre Leonardo ya habr\u00eda vendido <strong>110.000 entradas un mes antes de su inauguraci\u00f3n<\/strong>. La \u00fanica v\u00eda para hacerse con una entrada a una determinada hora es mediante <a href=\"https:\/\/www.ticketlouvre.fr\/louvre\/b2c\/index.cfm\/expovinci\/eventCode\/ExpoVinWeb\" target=\"_blank\" rel=\"noopener\">la p\u00e1gina web oficial<\/a>, pues no existe la posibilidad de comprarlas en las taquillas del museo; una t\u00e1ctica que ha implantado por primera vez el Louvre y de la que tambi\u00e9n se benefici\u00f3 la exposici\u00f3n de Tutankam\u00f3n \u2013 <a href=\"https:\/\/www.abc.es\/cultura\/arte\/abci-exposicion-tutankamon-mas-visitada-historia-francia-201909240114_noticia.html\" target=\"_blank\" rel=\"noopener\">la m\u00e1s visitada de la historia de Francia<\/a>\u2013, que consigui\u00f3 150.000 entradas vendidas por internet.<\/p>\n<p>ABC Cultura<\/p>\n","protected":false},"excerpt":{"rendered":"<p>A principios de a\u00f1o, el Louvre se convirti\u00f3 en el <a href=\"https:\/\/sertv.gob.pa\/crisolfm\/exposicion-de-leonardo-da-vinci-en-el-louvre-genera-gran-expectativa-antes-de-su-inauguracion\/\"> [&#8230;]<\/a><\/p>\n","protected":false},"author":64,"featured_media":22741,"comment_status":"closed","ping_status":"closed","sticky":false,"template":"","format":"standard","meta":{"footnotes":""},"categories":[6],"tags":[],"class_list":["post-22740","post","type-post","status-publish","format-standard","has-post-thumbnail","hentry","category-culturales"],"_links":{"self":[{"href":"https:\/\/sertv.gob.pa\/crisolfm\/wp-json\/wp\/v2\/posts\/22740","targetHints":{"allow":["GET"]}}],"collection":[{"href":"https:\/\/sertv.gob.pa\/crisolfm\/wp-json\/wp\/v2\/posts"}],"about":[{"href":"https:\/\/sertv.gob.pa\/crisolfm\/wp-json\/wp\/v2\/types\/post"}],"author":[{"embeddable":true,"href":"https:\/\/sertv.gob.pa\/crisolfm\/wp-json\/wp\/v2\/users\/64"}],"replies":[{"embeddable":true,"href":"https:\/\/sertv.gob.pa\/crisolfm\/wp-json\/wp\/v2\/comments?post=22740"}],"version-history":[{"count":1,"href":"https:\/\/sertv.gob.pa\/crisolfm\/wp-json\/wp\/v2\/posts\/22740\/revisions"}],"predecessor-version":[{"id":22742,"href":"https:\/\/sertv.gob.pa\/crisolfm\/wp-json\/wp\/v2\/posts\/22740\/revisions\/22742"}],"wp:featuredmedia":[{"embeddable":true,"href":"https:\/\/sertv.gob.pa\/crisolfm\/wp-json\/wp\/v2\/media\/22741"}],"wp:attachment":[{"href":"https:\/\/sertv.gob.pa\/crisolfm\/wp-json\/wp\/v2\/media?parent=22740"}],"wp:term":[{"taxonomy":"category","embeddable":true,"href":"https:\/\/sertv.gob.pa\/crisolfm\/wp-json\/wp\/v2\/categories?post=22740"},{"taxonomy":"post_tag","embeddable":true,"href":"https:\/\/sertv.gob.pa\/crisolfm\/wp-json\/wp\/v2\/tags?post=22740"}],"curies":[{"name":"wp","href":"https:\/\/api.w.org\/{rel}","templated":true}]}}