{"id":22743,"date":"2019-09-27T19:36:19","date_gmt":"2019-09-27T19:36:19","guid":{"rendered":"https:\/\/sertv.gob.pa\/crisolfm\/?p=22743"},"modified":"2019-09-27T19:36:19","modified_gmt":"2019-09-27T19:36:19","slug":"realizan-marcha-por-la-conciencia-ambiental","status":"publish","type":"post","link":"https:\/\/sertv.gob.pa\/crisolfm\/realizan-marcha-por-la-conciencia-ambiental\/","title":{"rendered":"Realizan marcha por la conciencia ambiental"},"content":{"rendered":"<p>Un grupo conformado por aproximadamente 150 personas protagonizaron la ma\u00f1ana de este viernes una marcha en la ciudad de Panam\u00e1 con el prop\u00f3sito de crear conciencia a beneficio del ambiente al celebrarse hoy, 27 de septiembre, el d\u00eda internacional de la Conciencia Ambiental<\/p>\n<p>Se trat\u00f3 de un desfile que parti\u00f3 del Parque Urraca ubicado en Bella Vista, hacia el mirador de la Cinta Costera.<\/p>\n<p>En la caminada en la avenida Balboa los participantes fueron acompa\u00f1ados por el ministro\u00a0de la Autoridad Nacional del Ambiente (ANAM), Milciades Concepci\u00f3n.<\/p>\n<p>&nbsp;<\/p>\n","protected":false},"excerpt":{"rendered":"<p>Un grupo conformado por aproximadamente 150 personas protagonizaron la ma\u00f1ana <a href=\"https:\/\/sertv.gob.pa\/crisolfm\/realizan-marcha-por-la-conciencia-ambiental\/\"> [&#8230;]<\/a><\/p>\n","protected":false},"author":64,"featured_media":22744,"comment_status":"closed","ping_status":"closed","sticky":false,"template":"","format":"standard","meta":{"footnotes":""},"categories":[7],"tags":[],"class_list":["post-22743","post","type-post","status-publish","format-standard","has-post-thumbnail","hentry","category-ecologicas"],"_links":{"self":[{"href":"https:\/\/sertv.gob.pa\/crisolfm\/wp-json\/wp\/v2\/posts\/22743","targetHints":{"allow":["GET"]}}],"collection":[{"href":"https:\/\/sertv.gob.pa\/crisolfm\/wp-json\/wp\/v2\/posts"}],"about":[{"href":"https:\/\/sertv.gob.pa\/crisolfm\/wp-json\/wp\/v2\/types\/post"}],"author":[{"embeddable":true,"href":"https:\/\/sertv.gob.pa\/crisolfm\/wp-json\/wp\/v2\/users\/64"}],"replies":[{"embeddable":true,"href":"https:\/\/sertv.gob.pa\/crisolfm\/wp-json\/wp\/v2\/comments?post=22743"}],"version-history":[{"count":1,"href":"https:\/\/sertv.gob.pa\/crisolfm\/wp-json\/wp\/v2\/posts\/22743\/revisions"}],"predecessor-version":[{"id":22745,"href":"https:\/\/sertv.gob.pa\/crisolfm\/wp-json\/wp\/v2\/posts\/22743\/revisions\/22745"}],"wp:featuredmedia":[{"embeddable":true,"href":"https:\/\/sertv.gob.pa\/crisolfm\/wp-json\/wp\/v2\/media\/22744"}],"wp:attachment":[{"href":"https:\/\/sertv.gob.pa\/crisolfm\/wp-json\/wp\/v2\/media?parent=22743"}],"wp:term":[{"taxonomy":"category","embeddable":true,"href":"https:\/\/sertv.gob.pa\/crisolfm\/wp-json\/wp\/v2\/categories?post=22743"},{"taxonomy":"post_tag","embeddable":true,"href":"https:\/\/sertv.gob.pa\/crisolfm\/wp-json\/wp\/v2\/tags?post=22743"}],"curies":[{"name":"wp","href":"https:\/\/api.w.org\/{rel}","templated":true}]}}