{"id":22746,"date":"2019-09-30T13:38:18","date_gmt":"2019-09-30T13:38:18","guid":{"rendered":"https:\/\/sertv.gob.pa\/crisolfm\/?p=22746"},"modified":"2019-09-30T13:38:18","modified_gmt":"2019-09-30T13:38:18","slug":"fuerte-sismo-de-magnitud-6-6-sacude-a-zona-central-de-chile-se-descarto-tsunami","status":"publish","type":"post","link":"https:\/\/sertv.gob.pa\/crisolfm\/fuerte-sismo-de-magnitud-6-6-sacude-a-zona-central-de-chile-se-descarto-tsunami\/","title":{"rendered":"Fuerte sismo de magnitud 6.6 sacude a zona central de Chile: se descart\u00f3 tsunami"},"content":{"rendered":"<p>Un <strong>sismo de fuerte magnitud<\/strong> se percibi\u00f3 este domingo en la zona central de Chile.<\/p>\n<p>De acuerdo al Centro Sismol\u00f3gico Nacional, el <strong>temblor fue de 6.6<\/strong> y su epicentro se ubic\u00f3 en el mar, a 70 km al oeste de <strong>Constituci\u00f3n<\/strong>, regi\u00f3n del Maule. El movimiento tuvo una<strong> profundidad de 30.9 km<\/strong> y se percibi\u00f3 en varias regiones del pa\u00eds, desde la Metropolitana hasta Los R\u00edos.<\/p>\n<p>El \u201cSHOA indica que las caracter\u00edsticas del sismo <strong>no re\u00fanen las condiciones necesarias para generar un tsunami<\/strong> en las costas de Chile\u201d, inform\u00f3 la Onemi.<\/p>\n<p>Biobiochile.cl<\/p>\n","protected":false},"excerpt":{"rendered":"<p>Un sismo de fuerte magnitud se percibi\u00f3 este domingo en <a href=\"https:\/\/sertv.gob.pa\/crisolfm\/fuerte-sismo-de-magnitud-6-6-sacude-a-zona-central-de-chile-se-descarto-tsunami\/\"> [&#8230;]<\/a><\/p>\n","protected":false},"author":64,"featured_media":22747,"comment_status":"closed","ping_status":"closed","sticky":false,"template":"","format":"standard","meta":{"footnotes":""},"categories":[7],"tags":[],"class_list":["post-22746","post","type-post","status-publish","format-standard","has-post-thumbnail","hentry","category-ecologicas"],"_links":{"self":[{"href":"https:\/\/sertv.gob.pa\/crisolfm\/wp-json\/wp\/v2\/posts\/22746","targetHints":{"allow":["GET"]}}],"collection":[{"href":"https:\/\/sertv.gob.pa\/crisolfm\/wp-json\/wp\/v2\/posts"}],"about":[{"href":"https:\/\/sertv.gob.pa\/crisolfm\/wp-json\/wp\/v2\/types\/post"}],"author":[{"embeddable":true,"href":"https:\/\/sertv.gob.pa\/crisolfm\/wp-json\/wp\/v2\/users\/64"}],"replies":[{"embeddable":true,"href":"https:\/\/sertv.gob.pa\/crisolfm\/wp-json\/wp\/v2\/comments?post=22746"}],"version-history":[{"count":1,"href":"https:\/\/sertv.gob.pa\/crisolfm\/wp-json\/wp\/v2\/posts\/22746\/revisions"}],"predecessor-version":[{"id":22748,"href":"https:\/\/sertv.gob.pa\/crisolfm\/wp-json\/wp\/v2\/posts\/22746\/revisions\/22748"}],"wp:featuredmedia":[{"embeddable":true,"href":"https:\/\/sertv.gob.pa\/crisolfm\/wp-json\/wp\/v2\/media\/22747"}],"wp:attachment":[{"href":"https:\/\/sertv.gob.pa\/crisolfm\/wp-json\/wp\/v2\/media?parent=22746"}],"wp:term":[{"taxonomy":"category","embeddable":true,"href":"https:\/\/sertv.gob.pa\/crisolfm\/wp-json\/wp\/v2\/categories?post=22746"},{"taxonomy":"post_tag","embeddable":true,"href":"https:\/\/sertv.gob.pa\/crisolfm\/wp-json\/wp\/v2\/tags?post=22746"}],"curies":[{"name":"wp","href":"https:\/\/api.w.org\/{rel}","templated":true}]}}