{"id":22749,"date":"2019-09-30T13:51:09","date_gmt":"2019-09-30T13:51:09","guid":{"rendered":"https:\/\/sertv.gob.pa\/crisolfm\/?p=22749"},"modified":"2019-09-30T13:51:09","modified_gmt":"2019-09-30T13:51:09","slug":"muere-jose-jose-afamado-cantante-mexicano-conocido-como-principe-de-la-cancion","status":"publish","type":"post","link":"https:\/\/sertv.gob.pa\/crisolfm\/muere-jose-jose-afamado-cantante-mexicano-conocido-como-principe-de-la-cancion\/","title":{"rendered":"Muere Jos\u00e9 Jos\u00e9, afamado cantante mexicano conocido como \u00abpr\u00edncipe de la canci\u00f3n\u00bb"},"content":{"rendered":"<p>Se dijo que la suya fue una historia de \u00ab\u00e9xito y superaci\u00f3n personal\u00bb, de un hombre apasionado por la m\u00fasica que lleg\u00f3 a convertirse en uno de los cantantes m\u00e1s famosos de Am\u00e9rica Latina.<\/p>\n<p>Jos\u00e9 R\u00f3mulo Sosa Ortiz, m\u00e1s conocido como Jos\u00e9 Jos\u00e9, <strong>muri\u00f3 este s\u00e1bado a los 71 a\u00f1os <\/strong>en Florida, EE.UU., a causa de complicaciones de salud ocasionadas por el c\u00e1ncer de p\u00e1ncreas que padec\u00eda. La noticia fue confirmada por familiares como su hijo Jos\u00e9 Joel, quien public\u00f3 un cresp\u00f3n negro en sus redes sociales; y por la Secretar\u00eda de Cultura del gobierno de M\u00e9xico, que lament\u00f3 la muerte de quien calificaron como \u00abuna de las voces m\u00e1s queridas de M\u00e9xico\u00bb.<\/p>\n<p>El cantante, que naci\u00f3 en Ciudad de M\u00e9xico el 17 de febrero de 1948, fue tambi\u00e9n autor, actor y productor musical. Jos\u00e9 R\u00f3mulo creci\u00f3 en una familia musical. Su padre era Jos\u00e9 Sosa Esquivel, un tenor de \u00f3pera, y su madre la concertista de piano Margarita Ortiz Pensado.<\/p>\n<p>&nbsp;<\/p>\n<p>BBC Mundo<\/p>\n","protected":false},"excerpt":{"rendered":"<p>Se dijo que la suya fue una historia de \u00ab\u00e9xito <a href=\"https:\/\/sertv.gob.pa\/crisolfm\/muere-jose-jose-afamado-cantante-mexicano-conocido-como-principe-de-la-cancion\/\"> [&#8230;]<\/a><\/p>\n","protected":false},"author":64,"featured_media":22750,"comment_status":"closed","ping_status":"closed","sticky":false,"template":"","format":"standard","meta":{"footnotes":""},"categories":[6],"tags":[],"class_list":["post-22749","post","type-post","status-publish","format-standard","has-post-thumbnail","hentry","category-culturales"],"_links":{"self":[{"href":"https:\/\/sertv.gob.pa\/crisolfm\/wp-json\/wp\/v2\/posts\/22749","targetHints":{"allow":["GET"]}}],"collection":[{"href":"https:\/\/sertv.gob.pa\/crisolfm\/wp-json\/wp\/v2\/posts"}],"about":[{"href":"https:\/\/sertv.gob.pa\/crisolfm\/wp-json\/wp\/v2\/types\/post"}],"author":[{"embeddable":true,"href":"https:\/\/sertv.gob.pa\/crisolfm\/wp-json\/wp\/v2\/users\/64"}],"replies":[{"embeddable":true,"href":"https:\/\/sertv.gob.pa\/crisolfm\/wp-json\/wp\/v2\/comments?post=22749"}],"version-history":[{"count":1,"href":"https:\/\/sertv.gob.pa\/crisolfm\/wp-json\/wp\/v2\/posts\/22749\/revisions"}],"predecessor-version":[{"id":22751,"href":"https:\/\/sertv.gob.pa\/crisolfm\/wp-json\/wp\/v2\/posts\/22749\/revisions\/22751"}],"wp:featuredmedia":[{"embeddable":true,"href":"https:\/\/sertv.gob.pa\/crisolfm\/wp-json\/wp\/v2\/media\/22750"}],"wp:attachment":[{"href":"https:\/\/sertv.gob.pa\/crisolfm\/wp-json\/wp\/v2\/media?parent=22749"}],"wp:term":[{"taxonomy":"category","embeddable":true,"href":"https:\/\/sertv.gob.pa\/crisolfm\/wp-json\/wp\/v2\/categories?post=22749"},{"taxonomy":"post_tag","embeddable":true,"href":"https:\/\/sertv.gob.pa\/crisolfm\/wp-json\/wp\/v2\/tags?post=22749"}],"curies":[{"name":"wp","href":"https:\/\/api.w.org\/{rel}","templated":true}]}}