{"id":22752,"date":"2019-09-30T13:55:38","date_gmt":"2019-09-30T13:55:38","guid":{"rendered":"https:\/\/sertv.gob.pa\/crisolfm\/?p=22752"},"modified":"2019-09-30T13:55:38","modified_gmt":"2019-09-30T13:55:38","slug":"fallece-primera-actriz-mexicana-beatriz-aguirre","status":"publish","type":"post","link":"https:\/\/sertv.gob.pa\/crisolfm\/fallece-primera-actriz-mexicana-beatriz-aguirre\/","title":{"rendered":"Fallece primera actriz mexicana Beatriz Aguirre"},"content":{"rendered":"<p>La Asociaci\u00f3n Nacional de Int\u00e9rpretes (<strong>ANDI<\/strong>) <strong>confirm\u00f3 la muerte de la primera actriz mexicana Beatriz Aguirre<\/strong>. A\u00fan se desconocen las causas del deceso de una de las grandes estrellas de la \u00e9poca de oro del cine mexicano.<\/p>\n<p>La periodista <strong>Maxine Woodside<\/strong> inform\u00f3 en sus redes sociales la muerte de Beatriz Aguirre, quien debut\u00f3 como actriz en 1944, al lado de <strong>Mar\u00eda F\u00e9lix<\/strong>, en la pel\u00edcula \u201cLa monja alf\u00e9rez\u201d. Beatriz Aguirre tambi\u00e9n particip\u00f3 en una cinta con <strong>Jos\u00e9 Jos\u00e9<\/strong>, <strong>El Principe de la Canci\u00f3n<\/strong>, quien muri\u00f3 este s\u00e1bado.<\/p>\n<p>Beatriz Aguirre naci\u00f3 el 21 de marzo de 1925 en el estado mexicano de Coahuila. Junto a Mar\u00eda F\u00e9lix, debut\u00f3 como actriz en 1944 en la pel\u00edcula La monja alf\u00e9rez. Primero curs\u00f3 la carrera de odontolog\u00eda, pero no la termin\u00f3. Estudi\u00f3 <strong>actuaci\u00f3n<\/strong> en el <strong>Instituto Nacional de Bellas Artes<\/strong> y tuvo una prol\u00edfica y destacada trayectoria en el cine y en el mundo de las telenovelas.<\/p>\n<p>Infobae<\/p>\n","protected":false},"excerpt":{"rendered":"<p>La Asociaci\u00f3n Nacional de Int\u00e9rpretes (ANDI) confirm\u00f3 la muerte de <a href=\"https:\/\/sertv.gob.pa\/crisolfm\/fallece-primera-actriz-mexicana-beatriz-aguirre\/\"> [&#8230;]<\/a><\/p>\n","protected":false},"author":64,"featured_media":22753,"comment_status":"closed","ping_status":"closed","sticky":false,"template":"","format":"standard","meta":{"footnotes":""},"categories":[6],"tags":[],"class_list":["post-22752","post","type-post","status-publish","format-standard","has-post-thumbnail","hentry","category-culturales"],"_links":{"self":[{"href":"https:\/\/sertv.gob.pa\/crisolfm\/wp-json\/wp\/v2\/posts\/22752","targetHints":{"allow":["GET"]}}],"collection":[{"href":"https:\/\/sertv.gob.pa\/crisolfm\/wp-json\/wp\/v2\/posts"}],"about":[{"href":"https:\/\/sertv.gob.pa\/crisolfm\/wp-json\/wp\/v2\/types\/post"}],"author":[{"embeddable":true,"href":"https:\/\/sertv.gob.pa\/crisolfm\/wp-json\/wp\/v2\/users\/64"}],"replies":[{"embeddable":true,"href":"https:\/\/sertv.gob.pa\/crisolfm\/wp-json\/wp\/v2\/comments?post=22752"}],"version-history":[{"count":1,"href":"https:\/\/sertv.gob.pa\/crisolfm\/wp-json\/wp\/v2\/posts\/22752\/revisions"}],"predecessor-version":[{"id":22754,"href":"https:\/\/sertv.gob.pa\/crisolfm\/wp-json\/wp\/v2\/posts\/22752\/revisions\/22754"}],"wp:featuredmedia":[{"embeddable":true,"href":"https:\/\/sertv.gob.pa\/crisolfm\/wp-json\/wp\/v2\/media\/22753"}],"wp:attachment":[{"href":"https:\/\/sertv.gob.pa\/crisolfm\/wp-json\/wp\/v2\/media?parent=22752"}],"wp:term":[{"taxonomy":"category","embeddable":true,"href":"https:\/\/sertv.gob.pa\/crisolfm\/wp-json\/wp\/v2\/categories?post=22752"},{"taxonomy":"post_tag","embeddable":true,"href":"https:\/\/sertv.gob.pa\/crisolfm\/wp-json\/wp\/v2\/tags?post=22752"}],"curies":[{"name":"wp","href":"https:\/\/api.w.org\/{rel}","templated":true}]}}