{"id":22755,"date":"2019-09-30T14:03:31","date_gmt":"2019-09-30T14:03:31","guid":{"rendered":"https:\/\/sertv.gob.pa\/crisolfm\/?p=22755"},"modified":"2019-09-30T14:03:31","modified_gmt":"2019-09-30T14:03:31","slug":"jornada-de-limpieza-de-playas","status":"publish","type":"post","link":"https:\/\/sertv.gob.pa\/crisolfm\/jornada-de-limpieza-de-playas\/","title":{"rendered":"Jornada de limpieza de playas"},"content":{"rendered":"<p>Activistas y autoridades de Panam\u00e1 solicitaron este domingo a la ciudadan\u00eda que asuma la responsabilidad por sus desechos, en el marco de otra gran jornada de limpieza de playas en la que se vio una escena com\u00fan: voluntarios recolectando pl\u00e1sticos, llantas, ropa y hasta neveras que terminar\u00edan en el oc\u00e9ano.<\/p>\n<p>Aunque la directora de la Asociaci\u00f3n Nacional para la Conservaci\u00f3n de la Naturaleza (Ancon), Rira Spadafora, manifest\u00f3 a <strong>Efe <\/strong>que la aspiraci\u00f3n es que cada a\u00f1o se recoja menos desperdicios, lo cierto es que en esta 28 jornada nacional de limpieza de playas, costas y r\u00edos se calcula que se colectar\u00e1 al menos lo mismo que en el 2018: unas 52 toneladas de basura.<\/p>\n<p>\u00abPodemos decir que el a\u00f1o pasado en la Ciudad de Panam\u00e1 se recolectaron, en varios lugares, un aproximado de 36 toneladas, y 52 a nivel nacional. Probablemente son n\u00fameros semejantes los que tendremos este a\u00f1o\u00bb, dijo la experta con postgrado en Impactos, Adaptaci\u00f3n y Mitigaci\u00f3n del Cambio Clim\u00e1tico de la Universidad de Copenhague (Dinamarca). Por ello, m\u00e1s que \u00abrecolectar\u00bb de lo que se trata es \u00abde concienciar\u00bb, que cada ciudadano \u00abse haga responsable\u00bb de sus residuos\u00bb y no haya \u00abexcusas para tirarlos en los r\u00edos\u00bb, agreg\u00f3 Spadafora, que cuenta adem\u00e1s con maestr\u00eda en Recursos Naturales por la Universidad de Idaho (EE.UU.).<\/p>\n<p>EFE<\/p>\n","protected":false},"excerpt":{"rendered":"<p>Activistas y autoridades de Panam\u00e1 solicitaron este domingo a la <a href=\"https:\/\/sertv.gob.pa\/crisolfm\/jornada-de-limpieza-de-playas\/\"> [&#8230;]<\/a><\/p>\n","protected":false},"author":64,"featured_media":22756,"comment_status":"closed","ping_status":"closed","sticky":false,"template":"","format":"standard","meta":{"footnotes":""},"categories":[7],"tags":[],"class_list":["post-22755","post","type-post","status-publish","format-standard","has-post-thumbnail","hentry","category-ecologicas"],"_links":{"self":[{"href":"https:\/\/sertv.gob.pa\/crisolfm\/wp-json\/wp\/v2\/posts\/22755","targetHints":{"allow":["GET"]}}],"collection":[{"href":"https:\/\/sertv.gob.pa\/crisolfm\/wp-json\/wp\/v2\/posts"}],"about":[{"href":"https:\/\/sertv.gob.pa\/crisolfm\/wp-json\/wp\/v2\/types\/post"}],"author":[{"embeddable":true,"href":"https:\/\/sertv.gob.pa\/crisolfm\/wp-json\/wp\/v2\/users\/64"}],"replies":[{"embeddable":true,"href":"https:\/\/sertv.gob.pa\/crisolfm\/wp-json\/wp\/v2\/comments?post=22755"}],"version-history":[{"count":1,"href":"https:\/\/sertv.gob.pa\/crisolfm\/wp-json\/wp\/v2\/posts\/22755\/revisions"}],"predecessor-version":[{"id":22757,"href":"https:\/\/sertv.gob.pa\/crisolfm\/wp-json\/wp\/v2\/posts\/22755\/revisions\/22757"}],"wp:featuredmedia":[{"embeddable":true,"href":"https:\/\/sertv.gob.pa\/crisolfm\/wp-json\/wp\/v2\/media\/22756"}],"wp:attachment":[{"href":"https:\/\/sertv.gob.pa\/crisolfm\/wp-json\/wp\/v2\/media?parent=22755"}],"wp:term":[{"taxonomy":"category","embeddable":true,"href":"https:\/\/sertv.gob.pa\/crisolfm\/wp-json\/wp\/v2\/categories?post=22755"},{"taxonomy":"post_tag","embeddable":true,"href":"https:\/\/sertv.gob.pa\/crisolfm\/wp-json\/wp\/v2\/tags?post=22755"}],"curies":[{"name":"wp","href":"https:\/\/api.w.org\/{rel}","templated":true}]}}