{"id":22767,"date":"2019-09-30T15:11:14","date_gmt":"2019-09-30T15:11:14","guid":{"rendered":"https:\/\/sertv.gob.pa\/crisolfm\/?p=22767"},"modified":"2019-09-30T15:11:14","modified_gmt":"2019-09-30T15:11:14","slug":"las-cintas-latinas-conquistaron-el-festival-de-san-sebastian","status":"publish","type":"post","link":"https:\/\/sertv.gob.pa\/crisolfm\/las-cintas-latinas-conquistaron-el-festival-de-san-sebastian\/","title":{"rendered":"Las cintas latinas conquistaron el Festival de San Sebasti\u00e1n"},"content":{"rendered":"<p style=\"text-align: justify\">La pel\u00edcula brasile\u00f1a \u00abPacificado\u00bb, sobre las luchas de poder en una favela de Rio de Janeiro, fue la gran triunfadora del Festival de San Sebasti\u00e1n, al alzarse este fin de semana con los premios a Mejor Pel\u00edcula, Mejor Actor y Mejor Fotograf\u00eda. Otras cintas galardonadas en la 67\u00aa edici\u00f3n del Festival Internacional de Cine de San Sebasti\u00e1n, celebrado en esta ciudad del norte de Espa\u00f1a, fueron:<\/p>\n<p style=\"text-align: justify\">&#8211; Concha de Oro a la Mejor Pel\u00edcula: \u00abPacificado\u00bb, de Paxton Winters (Brasil)- Premio Especial del Jurado: \u00abProxima\u00bb, de Alice Winocour (Francia)- Concha de Plata al Mejor Director: Aitor Arregi, Jon Gara\u00f1o y Jose Mari Goenaga, por \u00abLa trinchera infinita\u00bb (Espa\u00f1a)- Concha de Plata al Mejor Actor: Bukassa Kabengele, por \u00abPacificado\u00bb (Brasil)- Concha de Plata a la Mejor Actriz: Greta Fern\u00e1ndez, por \u00abLa hija de un ladr\u00f3n\u00bb (Espa\u00f1a) y Nina Hoss, por \u00abDas Vorspiel\u00bb (Alemania)<\/p>\n<p style=\"text-align: justify\">&#8211; Horizontes Latinos: \u00abDe nuevo otra vez\u00bb, de Romina Paula (Argentina) Menci\u00f3n especial del Jurado: \u00abLa bronca\u00bb, de Daniel Vega y Diego Vega (Per\u00fa) &#8211; Premio del Jurado al Mejor Guion: Luis Berdejo y Jos\u00e9 Mari Goenaga por \u00abLa trinchera infinita\u00bb (Espa\u00f1a) &#8211; Premio del Jurado a la Mejor Fotograf\u00eda: Laura Merians, por \u00abPacificado\u00bb (Brasil) &#8211; Premio Cine en Construcci\u00f3n: \u00abSin se\u00f1as particulares\u00bb, de Fernanda Valadez (M\u00e9xico) &#8211; Premio Nuevos Directores: \u00abAlgunas bestias\u00bb, de Jorge Riquelme (Chile) &#8211; Premio de Cooperaci\u00f3n<\/p>\n<p>AFP<\/p>\n","protected":false},"excerpt":{"rendered":"<p>La pel\u00edcula brasile\u00f1a \u00abPacificado\u00bb, sobre las luchas de poder en <a href=\"https:\/\/sertv.gob.pa\/crisolfm\/las-cintas-latinas-conquistaron-el-festival-de-san-sebastian\/\"> [&#8230;]<\/a><\/p>\n","protected":false},"author":64,"featured_media":22768,"comment_status":"closed","ping_status":"closed","sticky":false,"template":"","format":"standard","meta":{"footnotes":""},"categories":[6],"tags":[],"class_list":["post-22767","post","type-post","status-publish","format-standard","has-post-thumbnail","hentry","category-culturales"],"_links":{"self":[{"href":"https:\/\/sertv.gob.pa\/crisolfm\/wp-json\/wp\/v2\/posts\/22767","targetHints":{"allow":["GET"]}}],"collection":[{"href":"https:\/\/sertv.gob.pa\/crisolfm\/wp-json\/wp\/v2\/posts"}],"about":[{"href":"https:\/\/sertv.gob.pa\/crisolfm\/wp-json\/wp\/v2\/types\/post"}],"author":[{"embeddable":true,"href":"https:\/\/sertv.gob.pa\/crisolfm\/wp-json\/wp\/v2\/users\/64"}],"replies":[{"embeddable":true,"href":"https:\/\/sertv.gob.pa\/crisolfm\/wp-json\/wp\/v2\/comments?post=22767"}],"version-history":[{"count":1,"href":"https:\/\/sertv.gob.pa\/crisolfm\/wp-json\/wp\/v2\/posts\/22767\/revisions"}],"predecessor-version":[{"id":22769,"href":"https:\/\/sertv.gob.pa\/crisolfm\/wp-json\/wp\/v2\/posts\/22767\/revisions\/22769"}],"wp:featuredmedia":[{"embeddable":true,"href":"https:\/\/sertv.gob.pa\/crisolfm\/wp-json\/wp\/v2\/media\/22768"}],"wp:attachment":[{"href":"https:\/\/sertv.gob.pa\/crisolfm\/wp-json\/wp\/v2\/media?parent=22767"}],"wp:term":[{"taxonomy":"category","embeddable":true,"href":"https:\/\/sertv.gob.pa\/crisolfm\/wp-json\/wp\/v2\/categories?post=22767"},{"taxonomy":"post_tag","embeddable":true,"href":"https:\/\/sertv.gob.pa\/crisolfm\/wp-json\/wp\/v2\/tags?post=22767"}],"curies":[{"name":"wp","href":"https:\/\/api.w.org\/{rel}","templated":true}]}}