{"id":22803,"date":"2019-10-01T14:37:17","date_gmt":"2019-10-01T14:37:17","guid":{"rendered":"https:\/\/sertv.gob.pa\/crisolfm\/?p=22803"},"modified":"2019-10-01T14:37:17","modified_gmt":"2019-10-01T14:37:17","slug":"la-preservacion-del-lince-iberico-esta-a-la-vuelta-de-la-esquina","status":"publish","type":"post","link":"https:\/\/sertv.gob.pa\/crisolfm\/la-preservacion-del-lince-iberico-esta-a-la-vuelta-de-la-esquina\/","title":{"rendered":"La preservaci\u00f3n del lince ib\u00e9rico \u2018est\u00e1 a la vuelta de la esquina\u2019"},"content":{"rendered":"<p>El grupo WWF ha organizado estos d\u00edas las Jornadas T\u00e9cnicas &#8216;<strong>El lince ib\u00e9rico, mirando hacia el futuro<\/strong>&#8216; en la Escuela Superior de Montes y Medio Natural de la Universidad Polit\u00e9cnica de Madrid, en las que se ha analizado las lecciones aprendidas y los nuevos objetivos a cumplir para lograr la recuperaci\u00f3n real de la especie.<\/p>\n<p>Desde la organizaci\u00f3n ecologista se recalca que se ha salvado al lince ib\u00e9rico del peligro cr\u00edtico de extinci\u00f3n aunque para salvarla definitivamente se necesita alcanzar las 750 hembras para lo que har\u00e1n falta, al menos, <strong>ocho nuevas poblaciones. <\/strong>\u00abEl camino a recorrer es a\u00fan muy largo, por lo que consideramos imprescindible continuar con el compromiso y el esfuerzo de todos, que debe ser encauzado a trav\u00e9s de un nuevo modelo de gobernanza entre Portugal, Espa\u00f1a y todos los actores implicados\u00bb, puntualiza WWF.<\/p>\n<p>Seg\u00fan el secretario de Estado en funciones del Ministerio para la Transici\u00f3n Ecol\u00f3gica, Hugo Mor\u00e1n,<strong> frenar la extinci\u00f3n<\/strong> de la especie ha sido \u00abun caso de \u00e9xito que ha sentado las bases para la recuperaci\u00f3n de otras muchas especies\u00bb. Estos a\u00f1os, tal y como indica WWF, los trabajos desarrollados han dejado \u00abvaliosas\u00bb lecciones aprendidas.<\/p>\n<p>ECOticias<\/p>\n","protected":false},"excerpt":{"rendered":"<p>El grupo WWF ha organizado estos d\u00edas las Jornadas T\u00e9cnicas <a href=\"https:\/\/sertv.gob.pa\/crisolfm\/la-preservacion-del-lince-iberico-esta-a-la-vuelta-de-la-esquina\/\"> [&#8230;]<\/a><\/p>\n","protected":false},"author":64,"featured_media":22804,"comment_status":"closed","ping_status":"closed","sticky":false,"template":"","format":"standard","meta":{"footnotes":""},"categories":[7],"tags":[],"class_list":["post-22803","post","type-post","status-publish","format-standard","has-post-thumbnail","hentry","category-ecologicas"],"_links":{"self":[{"href":"https:\/\/sertv.gob.pa\/crisolfm\/wp-json\/wp\/v2\/posts\/22803","targetHints":{"allow":["GET"]}}],"collection":[{"href":"https:\/\/sertv.gob.pa\/crisolfm\/wp-json\/wp\/v2\/posts"}],"about":[{"href":"https:\/\/sertv.gob.pa\/crisolfm\/wp-json\/wp\/v2\/types\/post"}],"author":[{"embeddable":true,"href":"https:\/\/sertv.gob.pa\/crisolfm\/wp-json\/wp\/v2\/users\/64"}],"replies":[{"embeddable":true,"href":"https:\/\/sertv.gob.pa\/crisolfm\/wp-json\/wp\/v2\/comments?post=22803"}],"version-history":[{"count":1,"href":"https:\/\/sertv.gob.pa\/crisolfm\/wp-json\/wp\/v2\/posts\/22803\/revisions"}],"predecessor-version":[{"id":22805,"href":"https:\/\/sertv.gob.pa\/crisolfm\/wp-json\/wp\/v2\/posts\/22803\/revisions\/22805"}],"wp:featuredmedia":[{"embeddable":true,"href":"https:\/\/sertv.gob.pa\/crisolfm\/wp-json\/wp\/v2\/media\/22804"}],"wp:attachment":[{"href":"https:\/\/sertv.gob.pa\/crisolfm\/wp-json\/wp\/v2\/media?parent=22803"}],"wp:term":[{"taxonomy":"category","embeddable":true,"href":"https:\/\/sertv.gob.pa\/crisolfm\/wp-json\/wp\/v2\/categories?post=22803"},{"taxonomy":"post_tag","embeddable":true,"href":"https:\/\/sertv.gob.pa\/crisolfm\/wp-json\/wp\/v2\/tags?post=22803"}],"curies":[{"name":"wp","href":"https:\/\/api.w.org\/{rel}","templated":true}]}}