{"id":22806,"date":"2019-10-01T15:24:17","date_gmt":"2019-10-01T15:24:17","guid":{"rendered":"https:\/\/sertv.gob.pa\/crisolfm\/?p=22806"},"modified":"2019-10-01T15:24:17","modified_gmt":"2019-10-01T15:24:17","slug":"cual-es-la-solucion-al-cambio-climatico","status":"publish","type":"post","link":"https:\/\/sertv.gob.pa\/crisolfm\/cual-es-la-solucion-al-cambio-climatico\/","title":{"rendered":"\u00bfCu\u00e1l es la soluci\u00f3n al cambio clim\u00e1tico?"},"content":{"rendered":"<p>El Director General de la FAO (Organizaci\u00f3n de las Naciones Unidas para la Alimentaci\u00f3n y la Agricultura), Qu Dongyu, present\u00f3 recientemente una iniciativa conocida como <strong><em>Gran Muralla Verde para las Ciudades<\/em><\/strong>, cuyo objeto es apoyar soluciones al cambio clim\u00e1tico basadas en la naturaleza. El anuncio de esta acci\u00f3n se realiz\u00f3 con car\u00e1cter previo a la Cumbre de la Acci\u00f3n Clim\u00e1tica celebrada esta misma semana en Nueva York. Qu advirti\u00f3 que la r\u00e1pida expansi\u00f3n de las ciudades tiene lugar sin el dise\u00f1o del<strong> uso de la tierra,<\/strong> y la presi\u00f3n humana resultante causa efectos ambientales muy da\u00f1inos.<\/p>\n<p>El problema es especialmente grave en las zonas \u00e1ridas, donde se espera que los efectos del cambio clim\u00e1tico aumenten la exposici\u00f3n a sequ\u00edas severas, tormentas de arena y polvo, olas de calor, vientos huracanados, inundaciones y deslizamientos de tierra, con serios perjuicios para millones de personas.<\/p>\n<p>El porcentaje de la poblaci\u00f3n que vivir\u00e1 en las ciudades en 2050 ser\u00e1 de casi el 70%, y gran parte de este crecimiento se producir\u00e1 en \u00c1frica y Asia. Sin la planificaci\u00f3n del uso de la tierra, la <strong>r\u00e1pida expansi\u00f3n de las urbes<\/strong> puede causar impactos ambientales muy negativos, incluyendo la degradaci\u00f3n de la tierra.<\/p>\n<p><em>La Gran Muralla Verde para las Ciudades<\/em>\u00a0se basa en los progresos realizados en el \u00e1mbito del proyecto de la Gran Muralla Verde del Sahara y el Sahel, y supondr\u00eda la <strong>creaci\u00f3n de zonas verdes urbanas<\/strong> que se integrar\u00edan en actividades m\u00e1s amplias de restauraci\u00f3n del paisaje. La FAO, junto con sus socios, tiene como objetivo apoyar al menos a tres ciudades de cada uno de los 30 pa\u00edses de \u00c1frica y Asia.<\/p>\n<p>ECOticias<\/p>\n","protected":false},"excerpt":{"rendered":"<p>El Director General de la FAO (Organizaci\u00f3n de las Naciones <a href=\"https:\/\/sertv.gob.pa\/crisolfm\/cual-es-la-solucion-al-cambio-climatico\/\"> [&#8230;]<\/a><\/p>\n","protected":false},"author":64,"featured_media":22807,"comment_status":"closed","ping_status":"closed","sticky":false,"template":"","format":"standard","meta":{"footnotes":""},"categories":[7],"tags":[],"class_list":["post-22806","post","type-post","status-publish","format-standard","has-post-thumbnail","hentry","category-ecologicas"],"_links":{"self":[{"href":"https:\/\/sertv.gob.pa\/crisolfm\/wp-json\/wp\/v2\/posts\/22806","targetHints":{"allow":["GET"]}}],"collection":[{"href":"https:\/\/sertv.gob.pa\/crisolfm\/wp-json\/wp\/v2\/posts"}],"about":[{"href":"https:\/\/sertv.gob.pa\/crisolfm\/wp-json\/wp\/v2\/types\/post"}],"author":[{"embeddable":true,"href":"https:\/\/sertv.gob.pa\/crisolfm\/wp-json\/wp\/v2\/users\/64"}],"replies":[{"embeddable":true,"href":"https:\/\/sertv.gob.pa\/crisolfm\/wp-json\/wp\/v2\/comments?post=22806"}],"version-history":[{"count":1,"href":"https:\/\/sertv.gob.pa\/crisolfm\/wp-json\/wp\/v2\/posts\/22806\/revisions"}],"predecessor-version":[{"id":22808,"href":"https:\/\/sertv.gob.pa\/crisolfm\/wp-json\/wp\/v2\/posts\/22806\/revisions\/22808"}],"wp:featuredmedia":[{"embeddable":true,"href":"https:\/\/sertv.gob.pa\/crisolfm\/wp-json\/wp\/v2\/media\/22807"}],"wp:attachment":[{"href":"https:\/\/sertv.gob.pa\/crisolfm\/wp-json\/wp\/v2\/media?parent=22806"}],"wp:term":[{"taxonomy":"category","embeddable":true,"href":"https:\/\/sertv.gob.pa\/crisolfm\/wp-json\/wp\/v2\/categories?post=22806"},{"taxonomy":"post_tag","embeddable":true,"href":"https:\/\/sertv.gob.pa\/crisolfm\/wp-json\/wp\/v2\/tags?post=22806"}],"curies":[{"name":"wp","href":"https:\/\/api.w.org\/{rel}","templated":true}]}}