{"id":22809,"date":"2019-10-01T15:33:00","date_gmt":"2019-10-01T15:33:00","guid":{"rendered":"https:\/\/sertv.gob.pa\/crisolfm\/?p=22809"},"modified":"2019-10-01T15:33:00","modified_gmt":"2019-10-01T15:33:00","slug":"chinos-panamenos-celebran-70-anos-de-la-republica-popular-china","status":"publish","type":"post","link":"https:\/\/sertv.gob.pa\/crisolfm\/chinos-panamenos-celebran-70-anos-de-la-republica-popular-china\/","title":{"rendered":"Chinos &#8211; Paname\u00f1os celebran 70 a\u00f1os de la Rep\u00fablica Popular China"},"content":{"rendered":"<p>Entre coloridos desfiles y patri\u00f3ticos discursos, la comunidad China en Panam\u00e1 conmemora el septuag\u00e9simo aniversario de proclamaci\u00f3n de su pa\u00eds natal, el 1 de octubre, en un despliegue multicultural lleno de alegr\u00eda, danza y tradici\u00f3n milenaria.<\/p>\n<p>Para Tony Jiang Lau, presidente de la asociaci\u00f3n de j\u00f3venes Huadu en Panam\u00e1, estas fiestas ya se han integrado a la idiosincrasia paname\u00f1a, estrechando a\u00fan m\u00e1s los lazos de hermandad entre ambas culturas. \u201cCreo que en Panam\u00e1 nadie puede decir que no tiene un amigo o familiar de descendencia china, esto es producto de una mezcla que ha llevado muchos a\u00f1os en desarrollarse. La uni\u00f3n entre estas buenas naciones y su gente ya es inquebrantable\u201d, destac\u00f3 Jiang Lau.<\/p>\n<p>Jiang Lau indic\u00f3 adem\u00e1s que se identifican como chinos \u2013 paname\u00f1os, pues nacieron en el pa\u00eds asi\u00e1tico, pero sus familias y trabajos tienen sus ra\u00edces en Panam\u00e1, por lo que respetan a ambas tierras y las honran de igual forma.\u00a0Expres\u00f3 \u201cChina es nuestra patria, pero Panam\u00e1 es nuestro pa\u00eds. Celebramos con amor muchas actividades en conmemoraci\u00f3n a esta fecha tan importante\u201d.<\/p>\n<p>&nbsp;<\/p>\n","protected":false},"excerpt":{"rendered":"<p>Entre coloridos desfiles y patri\u00f3ticos discursos, la comunidad China en <a href=\"https:\/\/sertv.gob.pa\/crisolfm\/chinos-panamenos-celebran-70-anos-de-la-republica-popular-china\/\"> [&#8230;]<\/a><\/p>\n","protected":false},"author":64,"featured_media":22810,"comment_status":"closed","ping_status":"closed","sticky":false,"template":"","format":"standard","meta":{"footnotes":""},"categories":[6],"tags":[],"class_list":["post-22809","post","type-post","status-publish","format-standard","has-post-thumbnail","hentry","category-culturales"],"_links":{"self":[{"href":"https:\/\/sertv.gob.pa\/crisolfm\/wp-json\/wp\/v2\/posts\/22809","targetHints":{"allow":["GET"]}}],"collection":[{"href":"https:\/\/sertv.gob.pa\/crisolfm\/wp-json\/wp\/v2\/posts"}],"about":[{"href":"https:\/\/sertv.gob.pa\/crisolfm\/wp-json\/wp\/v2\/types\/post"}],"author":[{"embeddable":true,"href":"https:\/\/sertv.gob.pa\/crisolfm\/wp-json\/wp\/v2\/users\/64"}],"replies":[{"embeddable":true,"href":"https:\/\/sertv.gob.pa\/crisolfm\/wp-json\/wp\/v2\/comments?post=22809"}],"version-history":[{"count":1,"href":"https:\/\/sertv.gob.pa\/crisolfm\/wp-json\/wp\/v2\/posts\/22809\/revisions"}],"predecessor-version":[{"id":22811,"href":"https:\/\/sertv.gob.pa\/crisolfm\/wp-json\/wp\/v2\/posts\/22809\/revisions\/22811"}],"wp:featuredmedia":[{"embeddable":true,"href":"https:\/\/sertv.gob.pa\/crisolfm\/wp-json\/wp\/v2\/media\/22810"}],"wp:attachment":[{"href":"https:\/\/sertv.gob.pa\/crisolfm\/wp-json\/wp\/v2\/media?parent=22809"}],"wp:term":[{"taxonomy":"category","embeddable":true,"href":"https:\/\/sertv.gob.pa\/crisolfm\/wp-json\/wp\/v2\/categories?post=22809"},{"taxonomy":"post_tag","embeddable":true,"href":"https:\/\/sertv.gob.pa\/crisolfm\/wp-json\/wp\/v2\/tags?post=22809"}],"curies":[{"name":"wp","href":"https:\/\/api.w.org\/{rel}","templated":true}]}}