{"id":22812,"date":"2019-10-01T15:37:35","date_gmt":"2019-10-01T15:37:35","guid":{"rendered":"https:\/\/sertv.gob.pa\/crisolfm\/?p=22812"},"modified":"2019-10-01T15:37:35","modified_gmt":"2019-10-01T15:37:35","slug":"un-avance-del-38-mantiene-la-ciudad-de-las-artes","status":"publish","type":"post","link":"https:\/\/sertv.gob.pa\/crisolfm\/un-avance-del-38-mantiene-la-ciudad-de-las-artes\/","title":{"rendered":"Un avance del 38% mantiene la Ciudad de las Artes"},"content":{"rendered":"<p>La Ciudad de las artes, obra para la comunidad art\u00edstica, valorada en 54 millones de d\u00f3lares, avanza, pese a las irregularidades y retrasos que involucraron a sus primeras empresas licitadas para su construcci\u00f3n.<\/p>\n<p>Seg\u00fan datos del Ministerio de Cultura, la reciente adquisici\u00f3n para el edificio, fueron tres de los cuatro enfriadores de los acondicionadores de aire, que abastecer\u00e1n el lugar que albergar\u00e1 a las agrupaciones relacionadas con las expresiones art\u00edsticas del pa\u00eds. Seg\u00fan el Ministro de Cultura, Carlos Aguilar, el referido proyecto registra, en la actualidad, un avance del 38%.<\/p>\n<p>\u201cCiudad de las Artes est\u00e1 implementando un cronograma de ejecuci\u00f3n de proyectos, que avanza r\u00e1pidamente para tener la obra lista el pr\u00f3ximo a\u00f1o\u201d, dijo el ministro Aguilar, quien a\u00f1adi\u00f3 que el proyecto estar\u00e1 conformado por un total de siete edificios destinados para el desarrollo de actividades de teatro, m\u00fasica, artes pl\u00e1sticas y danza, entre otras disciplinas. Esta edificaci\u00f3n contar\u00e1 tambi\u00e9n\u00a0con un anfiteatro, que tendr\u00e1 capacidad para 500 personas.<\/p>\n<p>&nbsp;<\/p>\n","protected":false},"excerpt":{"rendered":"<p>La Ciudad de las artes, obra para la comunidad art\u00edstica, <a href=\"https:\/\/sertv.gob.pa\/crisolfm\/un-avance-del-38-mantiene-la-ciudad-de-las-artes\/\"> [&#8230;]<\/a><\/p>\n","protected":false},"author":64,"featured_media":22813,"comment_status":"closed","ping_status":"closed","sticky":false,"template":"","format":"standard","meta":{"footnotes":""},"categories":[6],"tags":[],"class_list":["post-22812","post","type-post","status-publish","format-standard","has-post-thumbnail","hentry","category-culturales"],"_links":{"self":[{"href":"https:\/\/sertv.gob.pa\/crisolfm\/wp-json\/wp\/v2\/posts\/22812","targetHints":{"allow":["GET"]}}],"collection":[{"href":"https:\/\/sertv.gob.pa\/crisolfm\/wp-json\/wp\/v2\/posts"}],"about":[{"href":"https:\/\/sertv.gob.pa\/crisolfm\/wp-json\/wp\/v2\/types\/post"}],"author":[{"embeddable":true,"href":"https:\/\/sertv.gob.pa\/crisolfm\/wp-json\/wp\/v2\/users\/64"}],"replies":[{"embeddable":true,"href":"https:\/\/sertv.gob.pa\/crisolfm\/wp-json\/wp\/v2\/comments?post=22812"}],"version-history":[{"count":1,"href":"https:\/\/sertv.gob.pa\/crisolfm\/wp-json\/wp\/v2\/posts\/22812\/revisions"}],"predecessor-version":[{"id":22814,"href":"https:\/\/sertv.gob.pa\/crisolfm\/wp-json\/wp\/v2\/posts\/22812\/revisions\/22814"}],"wp:featuredmedia":[{"embeddable":true,"href":"https:\/\/sertv.gob.pa\/crisolfm\/wp-json\/wp\/v2\/media\/22813"}],"wp:attachment":[{"href":"https:\/\/sertv.gob.pa\/crisolfm\/wp-json\/wp\/v2\/media?parent=22812"}],"wp:term":[{"taxonomy":"category","embeddable":true,"href":"https:\/\/sertv.gob.pa\/crisolfm\/wp-json\/wp\/v2\/categories?post=22812"},{"taxonomy":"post_tag","embeddable":true,"href":"https:\/\/sertv.gob.pa\/crisolfm\/wp-json\/wp\/v2\/tags?post=22812"}],"curies":[{"name":"wp","href":"https:\/\/api.w.org\/{rel}","templated":true}]}}