{"id":22818,"date":"2019-10-01T16:17:18","date_gmt":"2019-10-01T16:17:18","guid":{"rendered":"https:\/\/sertv.gob.pa\/crisolfm\/?p=22818"},"modified":"2019-10-01T16:17:18","modified_gmt":"2019-10-01T16:17:18","slug":"festival-prisma-de-danza-contemporanea-hipnotizara-a-panama","status":"publish","type":"post","link":"https:\/\/sertv.gob.pa\/crisolfm\/festival-prisma-de-danza-contemporanea-hipnotizara-a-panama\/","title":{"rendered":"Festival Prisma de Danza Contempor\u00e1nea hipnotizar\u00e1 a Panam\u00e1"},"content":{"rendered":"<p>El Festival Prisma de Danza Contempor\u00e1nea llegar\u00e1 a varios espacios del pa\u00eds, con una serie de presentaciones art\u00edsticas, del 3 al 13 de octubre del 2019. Bailarines procedentes de China, Brasil, Francia, Italia, Israel, entre otros, se reunir\u00e1n en el pa\u00eds para desplegar sus puestas m\u00e1s creativas, en un intercambio de arte multicultural.<\/p>\n<p>Analida Galindo, directora del ciclo, dio a conocer que las presentaciones se estar\u00e1n desarrollando en espacios abiertos como el Biomuseo de Panam\u00e1 y en varias estaciones del metro, de forma gratuita.\u00a0A\u00f1adi\u00f3 que, adem\u00e1s de los espect\u00e1culos de los artistas, igualmente se dictaran conversatorios y talleres sobre artes esc\u00e9nicas, escritura y creaci\u00f3n sonora.\u00a0Galindo destac\u00f3 que el festival busca acercar y educar al p\u00fablico paname\u00f1o sobre las tendencias art\u00edsticas globales.<\/p>\n<p>&nbsp;<\/p>\n","protected":false},"excerpt":{"rendered":"<p>El Festival Prisma de Danza Contempor\u00e1nea llegar\u00e1 a varios espacios <a href=\"https:\/\/sertv.gob.pa\/crisolfm\/festival-prisma-de-danza-contemporanea-hipnotizara-a-panama\/\"> [&#8230;]<\/a><\/p>\n","protected":false},"author":64,"featured_media":22819,"comment_status":"closed","ping_status":"closed","sticky":false,"template":"","format":"standard","meta":{"footnotes":""},"categories":[6],"tags":[],"class_list":["post-22818","post","type-post","status-publish","format-standard","has-post-thumbnail","hentry","category-culturales"],"_links":{"self":[{"href":"https:\/\/sertv.gob.pa\/crisolfm\/wp-json\/wp\/v2\/posts\/22818","targetHints":{"allow":["GET"]}}],"collection":[{"href":"https:\/\/sertv.gob.pa\/crisolfm\/wp-json\/wp\/v2\/posts"}],"about":[{"href":"https:\/\/sertv.gob.pa\/crisolfm\/wp-json\/wp\/v2\/types\/post"}],"author":[{"embeddable":true,"href":"https:\/\/sertv.gob.pa\/crisolfm\/wp-json\/wp\/v2\/users\/64"}],"replies":[{"embeddable":true,"href":"https:\/\/sertv.gob.pa\/crisolfm\/wp-json\/wp\/v2\/comments?post=22818"}],"version-history":[{"count":1,"href":"https:\/\/sertv.gob.pa\/crisolfm\/wp-json\/wp\/v2\/posts\/22818\/revisions"}],"predecessor-version":[{"id":22820,"href":"https:\/\/sertv.gob.pa\/crisolfm\/wp-json\/wp\/v2\/posts\/22818\/revisions\/22820"}],"wp:featuredmedia":[{"embeddable":true,"href":"https:\/\/sertv.gob.pa\/crisolfm\/wp-json\/wp\/v2\/media\/22819"}],"wp:attachment":[{"href":"https:\/\/sertv.gob.pa\/crisolfm\/wp-json\/wp\/v2\/media?parent=22818"}],"wp:term":[{"taxonomy":"category","embeddable":true,"href":"https:\/\/sertv.gob.pa\/crisolfm\/wp-json\/wp\/v2\/categories?post=22818"},{"taxonomy":"post_tag","embeddable":true,"href":"https:\/\/sertv.gob.pa\/crisolfm\/wp-json\/wp\/v2\/tags?post=22818"}],"curies":[{"name":"wp","href":"https:\/\/api.w.org\/{rel}","templated":true}]}}