{"id":22821,"date":"2019-10-01T20:36:37","date_gmt":"2019-10-01T20:36:37","guid":{"rendered":"https:\/\/sertv.gob.pa\/crisolfm\/?p=22821"},"modified":"2019-10-01T20:36:37","modified_gmt":"2019-10-01T20:36:37","slug":"el-teatro-nacional-tendra-su-inauguracion-formal-el-3-de-octubre","status":"publish","type":"post","link":"https:\/\/sertv.gob.pa\/crisolfm\/el-teatro-nacional-tendra-su-inauguracion-formal-el-3-de-octubre\/","title":{"rendered":"El Teatro Nacional tendr\u00e1 su inauguraci\u00f3n formal el 3 de octubre"},"content":{"rendered":"<p>Tras celebrar su 111 aniversario, este martes el Teatro Nacional abri\u00f3 sus brazos con un nuevo rostro. Tal y como lo anunciara el pasado 27 de septiembre, el viceministro de Cultura, Gabriel Gonz\u00e1lez, el acto de inauguraci\u00f3n del m\u00e1ximo recinto cultural de Panam\u00e1, se llev\u00f3 a cabo en horas de la ma\u00f1ana, luego de que fuera intervenido para su restauraci\u00f3n.<\/p>\n<p>La obra representativa de la arquitectura neocl\u00e1sica, destaca como el centro de las artes en la capital istme\u00f1a. Su construcci\u00f3n fue ordenada en 1904 mediante la Ley 52 de esa fecha.<\/p>\n<p>Para \u00c1ngela Camargo, encargada de la intervenci\u00f3n pict\u00f3rica de la infraestructura, \u201cfue un honor haber tocado toda la obra de Roberto Lewis\u201d. \u201cSe trat\u00f3 de una experiencia maravillosa\u201d, asegura. El retoque pict\u00f3rico fue hecho con pinceles de punta fina y profesionales formados en aulas italianas.<\/p>\n<p>La inauguraci\u00f3n formal del teatro nacional se realizar\u00e1 el 3 de octubre con una gala con el Ballet Nacional y desde el 4 de octubre inician las actividades en el epicentro cultural.<\/p>\n<p>&nbsp;<\/p>\n","protected":false},"excerpt":{"rendered":"<p>Tras celebrar su 111 aniversario, este martes el Teatro Nacional <a href=\"https:\/\/sertv.gob.pa\/crisolfm\/el-teatro-nacional-tendra-su-inauguracion-formal-el-3-de-octubre\/\"> [&#8230;]<\/a><\/p>\n","protected":false},"author":64,"featured_media":22822,"comment_status":"closed","ping_status":"closed","sticky":false,"template":"","format":"standard","meta":{"footnotes":""},"categories":[6],"tags":[],"class_list":["post-22821","post","type-post","status-publish","format-standard","has-post-thumbnail","hentry","category-culturales"],"_links":{"self":[{"href":"https:\/\/sertv.gob.pa\/crisolfm\/wp-json\/wp\/v2\/posts\/22821","targetHints":{"allow":["GET"]}}],"collection":[{"href":"https:\/\/sertv.gob.pa\/crisolfm\/wp-json\/wp\/v2\/posts"}],"about":[{"href":"https:\/\/sertv.gob.pa\/crisolfm\/wp-json\/wp\/v2\/types\/post"}],"author":[{"embeddable":true,"href":"https:\/\/sertv.gob.pa\/crisolfm\/wp-json\/wp\/v2\/users\/64"}],"replies":[{"embeddable":true,"href":"https:\/\/sertv.gob.pa\/crisolfm\/wp-json\/wp\/v2\/comments?post=22821"}],"version-history":[{"count":1,"href":"https:\/\/sertv.gob.pa\/crisolfm\/wp-json\/wp\/v2\/posts\/22821\/revisions"}],"predecessor-version":[{"id":22823,"href":"https:\/\/sertv.gob.pa\/crisolfm\/wp-json\/wp\/v2\/posts\/22821\/revisions\/22823"}],"wp:featuredmedia":[{"embeddable":true,"href":"https:\/\/sertv.gob.pa\/crisolfm\/wp-json\/wp\/v2\/media\/22822"}],"wp:attachment":[{"href":"https:\/\/sertv.gob.pa\/crisolfm\/wp-json\/wp\/v2\/media?parent=22821"}],"wp:term":[{"taxonomy":"category","embeddable":true,"href":"https:\/\/sertv.gob.pa\/crisolfm\/wp-json\/wp\/v2\/categories?post=22821"},{"taxonomy":"post_tag","embeddable":true,"href":"https:\/\/sertv.gob.pa\/crisolfm\/wp-json\/wp\/v2\/tags?post=22821"}],"curies":[{"name":"wp","href":"https:\/\/api.w.org\/{rel}","templated":true}]}}