{"id":22824,"date":"2019-10-02T13:42:17","date_gmt":"2019-10-02T13:42:17","guid":{"rendered":"https:\/\/sertv.gob.pa\/crisolfm\/?p=22824"},"modified":"2019-10-02T13:42:17","modified_gmt":"2019-10-02T13:42:17","slug":"en-la-busqueda-de-la-proteccion-legal-para-los-corales-panamenos","status":"publish","type":"post","link":"https:\/\/sertv.gob.pa\/crisolfm\/en-la-busqueda-de-la-proteccion-legal-para-los-corales-panamenos\/","title":{"rendered":"En la b\u00fasqueda de la protecci\u00f3n legal para los corales paname\u00f1os"},"content":{"rendered":"<p>\u201cSan Blas, un ed\u00e9n paname\u00f1o, con islas de origen coralino, est\u00e1 colapsando poco a poco. Hay ni\u00f1os que estudian mientras las aguas del mar les rozan los pies\u201d, explic\u00f3 Mar\u00eda Soledad Porcell, una ambientalista que impulsa un proyecto para la conservaci\u00f3n de los arrecifes de corales.<\/p>\n<p>Las islas de la emblem\u00e1tica comarca Guna Yala se est\u00e1n inundando como consecuencia del calentamiento global y la destrucci\u00f3n de los corales. Los ind\u00edgenas han rellenado los arrecifes para construir sus chozas, pero su m\u00e9todo ha provocado la muerte de los ecosistemas que funcionan como una barrera que rompe olas para impedir que el mar contin\u00fae su curso. Hoy el mar pr\u00e1cticamente se est\u00e1 tragando el archipi\u00e9lago paname\u00f1o. Un estudio elaborado en 2004 a partir de fotograf\u00edas publicadas en la revista Conservation Biology establece que en tres d\u00e9cadas el archipi\u00e9lago hab\u00eda perdido 50,363 metros cuadrados.<\/p>\n<p>Un anteproyecto de ley intenta lograr la protecci\u00f3n integral de los arrecifes de coral del pa\u00eds. La iniciativa contempla la mitigaci\u00f3n de las aguas residuales que contaminan los corales, la reducci\u00f3n de la da\u00f1ina pesca de arrastre, la protecci\u00f3n de especies de peces esenciales para supervivencia de los ecosistemas y la inclusi\u00f3n de los pueblos ind\u00edgenas, especialmente los de Guna Yala, en la conservaci\u00f3n de las estructuras marinas, explic\u00f3 Patricia Oviedo, del Centro de Incidencia Ambiental (CIAM). Seg\u00fan el documento que se promueve para ley de protecci\u00f3n de los corales, la principal amenaza de los ecosistemas marinos caribe\u00f1os es la sedimentaci\u00f3n como consecuencia de la erosi\u00f3n excesiva.<\/p>\n<p>&nbsp;<\/p>\n<p>&nbsp;<\/p>\n","protected":false},"excerpt":{"rendered":"<p>\u201cSan Blas, un ed\u00e9n paname\u00f1o, con islas de origen coralino, <a href=\"https:\/\/sertv.gob.pa\/crisolfm\/en-la-busqueda-de-la-proteccion-legal-para-los-corales-panamenos\/\"> [&#8230;]<\/a><\/p>\n","protected":false},"author":64,"featured_media":22825,"comment_status":"closed","ping_status":"closed","sticky":false,"template":"","format":"standard","meta":{"footnotes":""},"categories":[7],"tags":[],"class_list":["post-22824","post","type-post","status-publish","format-standard","has-post-thumbnail","hentry","category-ecologicas"],"_links":{"self":[{"href":"https:\/\/sertv.gob.pa\/crisolfm\/wp-json\/wp\/v2\/posts\/22824","targetHints":{"allow":["GET"]}}],"collection":[{"href":"https:\/\/sertv.gob.pa\/crisolfm\/wp-json\/wp\/v2\/posts"}],"about":[{"href":"https:\/\/sertv.gob.pa\/crisolfm\/wp-json\/wp\/v2\/types\/post"}],"author":[{"embeddable":true,"href":"https:\/\/sertv.gob.pa\/crisolfm\/wp-json\/wp\/v2\/users\/64"}],"replies":[{"embeddable":true,"href":"https:\/\/sertv.gob.pa\/crisolfm\/wp-json\/wp\/v2\/comments?post=22824"}],"version-history":[{"count":1,"href":"https:\/\/sertv.gob.pa\/crisolfm\/wp-json\/wp\/v2\/posts\/22824\/revisions"}],"predecessor-version":[{"id":22826,"href":"https:\/\/sertv.gob.pa\/crisolfm\/wp-json\/wp\/v2\/posts\/22824\/revisions\/22826"}],"wp:featuredmedia":[{"embeddable":true,"href":"https:\/\/sertv.gob.pa\/crisolfm\/wp-json\/wp\/v2\/media\/22825"}],"wp:attachment":[{"href":"https:\/\/sertv.gob.pa\/crisolfm\/wp-json\/wp\/v2\/media?parent=22824"}],"wp:term":[{"taxonomy":"category","embeddable":true,"href":"https:\/\/sertv.gob.pa\/crisolfm\/wp-json\/wp\/v2\/categories?post=22824"},{"taxonomy":"post_tag","embeddable":true,"href":"https:\/\/sertv.gob.pa\/crisolfm\/wp-json\/wp\/v2\/tags?post=22824"}],"curies":[{"name":"wp","href":"https:\/\/api.w.org\/{rel}","templated":true}]}}