{"id":22840,"date":"2019-10-02T14:29:34","date_gmt":"2019-10-02T14:29:34","guid":{"rendered":"https:\/\/sertv.gob.pa\/crisolfm\/?p=22840"},"modified":"2019-10-02T14:29:34","modified_gmt":"2019-10-02T14:29:34","slug":"v-encuentro-regional-de-la-red-de-circo-social-de-centroamerica-y-del-caribe","status":"publish","type":"post","link":"https:\/\/sertv.gob.pa\/crisolfm\/v-encuentro-regional-de-la-red-de-circo-social-de-centroamerica-y-del-caribe\/","title":{"rendered":"V Encuentro Regional de la Red de Circo Social de Centroam\u00e9rica y del Caribe"},"content":{"rendered":"<p>Por primera vez, Panam\u00e1 ser\u00e1 la anfitriona del V Encuentro Regional de la Red de Circo Social de Centroam\u00e9rica y del Caribe, del 2 al 5 de octubre, que exhibe el talento juvenil en las artes circenses.<\/p>\n<p>Lisete Farias, coordinadora del encuentro y pionera de la fundaci\u00f3n Escena Circo, explic\u00f3 que esta actividad busca presentar un original m\u00e9todo educativo a la poblaci\u00f3n, y a su vez entretener, mientras se motiva a la juventud.\u00a0Detall\u00f3 que grupos originarios de Colombia, Puerto Rico, El Salvador, entre otros pa\u00edses, se dar\u00e1n cita para presentarse en distintos escenarios\u00a0del pa\u00eds.\u00a0Adem\u00e1s, varias agrupaciones paname\u00f1as como La Tribu Performance, ejecutar\u00e1n rutinas de baile e interpretaci\u00f3n durante los d\u00edas del ciclo.<\/p>\n<p>Farias explic\u00f3 que el circo social consiste en utilizar t\u00e9cnicas como el malabarismo y la acrobacia para trabajar tem\u00e1ticas sociales y personales como resiliencia, trabajo en equipo e inteligencia emocional en ni\u00f1os y adolescentes.<\/p>\n<p>Los talleres p\u00fablicos y los actos circenses de los grupos tendr\u00e1n lugar el d\u00eda s\u00e1bado 5 de octubre,\u00a0en el Arco Chato del Casco Antiguo, desde las 4:00 p.m. La entrada a cada actividad ser\u00e1 gratuita y para todo el p\u00fablico.<\/p>\n<p>&nbsp;<\/p>\n","protected":false},"excerpt":{"rendered":"<p>Por primera vez, Panam\u00e1 ser\u00e1 la anfitriona del V Encuentro <a href=\"https:\/\/sertv.gob.pa\/crisolfm\/v-encuentro-regional-de-la-red-de-circo-social-de-centroamerica-y-del-caribe\/\"> [&#8230;]<\/a><\/p>\n","protected":false},"author":64,"featured_media":22841,"comment_status":"closed","ping_status":"closed","sticky":false,"template":"","format":"standard","meta":{"footnotes":""},"categories":[6],"tags":[],"class_list":["post-22840","post","type-post","status-publish","format-standard","has-post-thumbnail","hentry","category-culturales"],"_links":{"self":[{"href":"https:\/\/sertv.gob.pa\/crisolfm\/wp-json\/wp\/v2\/posts\/22840","targetHints":{"allow":["GET"]}}],"collection":[{"href":"https:\/\/sertv.gob.pa\/crisolfm\/wp-json\/wp\/v2\/posts"}],"about":[{"href":"https:\/\/sertv.gob.pa\/crisolfm\/wp-json\/wp\/v2\/types\/post"}],"author":[{"embeddable":true,"href":"https:\/\/sertv.gob.pa\/crisolfm\/wp-json\/wp\/v2\/users\/64"}],"replies":[{"embeddable":true,"href":"https:\/\/sertv.gob.pa\/crisolfm\/wp-json\/wp\/v2\/comments?post=22840"}],"version-history":[{"count":1,"href":"https:\/\/sertv.gob.pa\/crisolfm\/wp-json\/wp\/v2\/posts\/22840\/revisions"}],"predecessor-version":[{"id":22842,"href":"https:\/\/sertv.gob.pa\/crisolfm\/wp-json\/wp\/v2\/posts\/22840\/revisions\/22842"}],"wp:featuredmedia":[{"embeddable":true,"href":"https:\/\/sertv.gob.pa\/crisolfm\/wp-json\/wp\/v2\/media\/22841"}],"wp:attachment":[{"href":"https:\/\/sertv.gob.pa\/crisolfm\/wp-json\/wp\/v2\/media?parent=22840"}],"wp:term":[{"taxonomy":"category","embeddable":true,"href":"https:\/\/sertv.gob.pa\/crisolfm\/wp-json\/wp\/v2\/categories?post=22840"},{"taxonomy":"post_tag","embeddable":true,"href":"https:\/\/sertv.gob.pa\/crisolfm\/wp-json\/wp\/v2\/tags?post=22840"}],"curies":[{"name":"wp","href":"https:\/\/api.w.org\/{rel}","templated":true}]}}