{"id":22843,"date":"2019-10-02T14:37:56","date_gmt":"2019-10-02T14:37:56","guid":{"rendered":"https:\/\/sertv.gob.pa\/crisolfm\/?p=22843"},"modified":"2019-10-02T14:37:56","modified_gmt":"2019-10-02T14:37:56","slug":"acto-de-conmemoracion-de-los-40-anos-de-entrada-en-vigencia-de-los-tratados-torrijos-carter","status":"publish","type":"post","link":"https:\/\/sertv.gob.pa\/crisolfm\/acto-de-conmemoracion-de-los-40-anos-de-entrada-en-vigencia-de-los-tratados-torrijos-carter\/","title":{"rendered":"Acto de conmemoraci\u00f3n de los 40 a\u00f1os de entrada en vigencia de los Tratados Torrijos-Carter"},"content":{"rendered":"<p>Im\u00e1genes del trabajo del General Omar Torrijos Herrera, el equipo negociador de los Tratados Torrijos-Carter y las luchas de los paname\u00f1os para recobrar la soberan\u00eda sobre el Canal de Panam\u00e1, fueron la antesala al acto de conmemoraci\u00f3n de los 40 a\u00f1os de entrada en vigencia de este convenio, el 1 de octubre de 1979.<\/p>\n<p>El Canciller de Panam\u00e1 Alejandro Ferrer manifest\u00f3 que, luego de la fecha, la ex Zona del Canal desapareci\u00f3 para siempre, se iz\u00f3 la bandera paname\u00f1a en el Cerro Anc\u00f3n y\u00a0se afirm\u00f3 nuestra\u00a0soberan\u00eda titular.<\/p>\n<p>Por su parte, Ar\u00edstides Royo, presidente de Panam\u00e1 en el momento de la entrada en vigencia de este tratado, record\u00f3 que ese d\u00eda le toc\u00f3 dar un discurso y fue un momento emotivo, porque era la primera vez le tocaba hablar en Albrook, un sitio desconocido para \u00e9l, salvo cuando era ni\u00f1o\u00a0que uso por primera vez el aeropuerto, porque, \u201cPanam\u00e1 no ten\u00eda ni eso y Omar Torrijos estuvo all\u00ed. \u00c9l ingres\u00f3 en la historia, e ingres\u00f3 igualmente en el Canal de Panam\u00e1. He dicho en muchas ocasiones que \u00e9l fue el gran negociador detr\u00e1s de los negociadores\u201d, Royo.<\/p>\n<p>As\u00ed mismo, el presidente Laurentino Cortizo reiter\u00f3 que el General no estuvo all\u00ed hace 40 a\u00f1os, \u201cen esa ma\u00f1ana limpia con un cielo azul, porque la gloria era para el pueblo\u201d, el principal protagonista de esa conquista, que cost\u00f3 dolor, sangre, h\u00e9roes y m\u00e1rtires. \u00a0\u201cEse d\u00eda nuestro pueblo entr\u00f3 con emoci\u00f3n y con pasos firmes a los territorios de la antigua Zona del Canal\u201d.<\/p>\n<p>&nbsp;<\/p>\n","protected":false},"excerpt":{"rendered":"<p>Im\u00e1genes del trabajo del General Omar Torrijos Herrera, el equipo <a href=\"https:\/\/sertv.gob.pa\/crisolfm\/acto-de-conmemoracion-de-los-40-anos-de-entrada-en-vigencia-de-los-tratados-torrijos-carter\/\"> [&#8230;]<\/a><\/p>\n","protected":false},"author":64,"featured_media":22844,"comment_status":"closed","ping_status":"closed","sticky":false,"template":"","format":"standard","meta":{"footnotes":""},"categories":[6],"tags":[],"class_list":["post-22843","post","type-post","status-publish","format-standard","has-post-thumbnail","hentry","category-culturales"],"_links":{"self":[{"href":"https:\/\/sertv.gob.pa\/crisolfm\/wp-json\/wp\/v2\/posts\/22843","targetHints":{"allow":["GET"]}}],"collection":[{"href":"https:\/\/sertv.gob.pa\/crisolfm\/wp-json\/wp\/v2\/posts"}],"about":[{"href":"https:\/\/sertv.gob.pa\/crisolfm\/wp-json\/wp\/v2\/types\/post"}],"author":[{"embeddable":true,"href":"https:\/\/sertv.gob.pa\/crisolfm\/wp-json\/wp\/v2\/users\/64"}],"replies":[{"embeddable":true,"href":"https:\/\/sertv.gob.pa\/crisolfm\/wp-json\/wp\/v2\/comments?post=22843"}],"version-history":[{"count":1,"href":"https:\/\/sertv.gob.pa\/crisolfm\/wp-json\/wp\/v2\/posts\/22843\/revisions"}],"predecessor-version":[{"id":22845,"href":"https:\/\/sertv.gob.pa\/crisolfm\/wp-json\/wp\/v2\/posts\/22843\/revisions\/22845"}],"wp:featuredmedia":[{"embeddable":true,"href":"https:\/\/sertv.gob.pa\/crisolfm\/wp-json\/wp\/v2\/media\/22844"}],"wp:attachment":[{"href":"https:\/\/sertv.gob.pa\/crisolfm\/wp-json\/wp\/v2\/media?parent=22843"}],"wp:term":[{"taxonomy":"category","embeddable":true,"href":"https:\/\/sertv.gob.pa\/crisolfm\/wp-json\/wp\/v2\/categories?post=22843"},{"taxonomy":"post_tag","embeddable":true,"href":"https:\/\/sertv.gob.pa\/crisolfm\/wp-json\/wp\/v2\/tags?post=22843"}],"curies":[{"name":"wp","href":"https:\/\/api.w.org\/{rel}","templated":true}]}}