{"id":22846,"date":"2019-10-02T15:14:15","date_gmt":"2019-10-02T15:14:15","guid":{"rendered":"https:\/\/sertv.gob.pa\/crisolfm\/?p=22846"},"modified":"2019-10-02T15:14:15","modified_gmt":"2019-10-02T15:14:15","slug":"albrook-mall-organiza-su-primer-concurso-folklorico","status":"publish","type":"post","link":"https:\/\/sertv.gob.pa\/crisolfm\/albrook-mall-organiza-su-primer-concurso-folklorico\/","title":{"rendered":"Albrook Mall organiza su primer concurso Folkl\u00f3rico"},"content":{"rendered":"<p>El Centro Comercial Albrook Mall realizar\u00e1 su primer Concurso Folkl\u00f3rico, que va dirigido a ni\u00f1os y j\u00f3venes. La coordinadora de mercadeo y eventos Dora L\u00f3pez manifest\u00f3 que quieren resaltar las tradiciones y costumbres de Panam\u00e1, para apoyar la cultura. El padre escoger\u00e1 qu\u00e9 atuendo lucir\u00e1 su hijo para competir.<\/p>\n<p>El enfrentamiento contar\u00e1 con tres categor\u00edas que se dividir\u00e1n en: ni\u00f1os (as) de 3 a 5 a\u00f1os, de 5 a 9 a\u00f1os y de 9 a 14 a\u00f1os; donde los expertos escoger\u00e1n a tres ganadores en cada una. Tambi\u00e9n, escoger\u00e1n en una t\u00f3mbola al ganador y la ganadora de la medalla Albrook Mall. Todos los seleccionados se anunciar\u00e1n el 27 de octubre, en la Plaza del Delf\u00edn, a las 2:00 p.m.<\/p>\n<p>&nbsp;<\/p>\n","protected":false},"excerpt":{"rendered":"<p>El Centro Comercial Albrook Mall realizar\u00e1 su primer Concurso Folkl\u00f3rico, <a href=\"https:\/\/sertv.gob.pa\/crisolfm\/albrook-mall-organiza-su-primer-concurso-folklorico\/\"> [&#8230;]<\/a><\/p>\n","protected":false},"author":64,"featured_media":22847,"comment_status":"closed","ping_status":"closed","sticky":false,"template":"","format":"standard","meta":{"footnotes":""},"categories":[6],"tags":[],"class_list":["post-22846","post","type-post","status-publish","format-standard","has-post-thumbnail","hentry","category-culturales"],"_links":{"self":[{"href":"https:\/\/sertv.gob.pa\/crisolfm\/wp-json\/wp\/v2\/posts\/22846","targetHints":{"allow":["GET"]}}],"collection":[{"href":"https:\/\/sertv.gob.pa\/crisolfm\/wp-json\/wp\/v2\/posts"}],"about":[{"href":"https:\/\/sertv.gob.pa\/crisolfm\/wp-json\/wp\/v2\/types\/post"}],"author":[{"embeddable":true,"href":"https:\/\/sertv.gob.pa\/crisolfm\/wp-json\/wp\/v2\/users\/64"}],"replies":[{"embeddable":true,"href":"https:\/\/sertv.gob.pa\/crisolfm\/wp-json\/wp\/v2\/comments?post=22846"}],"version-history":[{"count":1,"href":"https:\/\/sertv.gob.pa\/crisolfm\/wp-json\/wp\/v2\/posts\/22846\/revisions"}],"predecessor-version":[{"id":22848,"href":"https:\/\/sertv.gob.pa\/crisolfm\/wp-json\/wp\/v2\/posts\/22846\/revisions\/22848"}],"wp:featuredmedia":[{"embeddable":true,"href":"https:\/\/sertv.gob.pa\/crisolfm\/wp-json\/wp\/v2\/media\/22847"}],"wp:attachment":[{"href":"https:\/\/sertv.gob.pa\/crisolfm\/wp-json\/wp\/v2\/media?parent=22846"}],"wp:term":[{"taxonomy":"category","embeddable":true,"href":"https:\/\/sertv.gob.pa\/crisolfm\/wp-json\/wp\/v2\/categories?post=22846"},{"taxonomy":"post_tag","embeddable":true,"href":"https:\/\/sertv.gob.pa\/crisolfm\/wp-json\/wp\/v2\/tags?post=22846"}],"curies":[{"name":"wp","href":"https:\/\/api.w.org\/{rel}","templated":true}]}}