{"id":22849,"date":"2019-10-02T15:24:35","date_gmt":"2019-10-02T15:24:35","guid":{"rendered":"https:\/\/sertv.gob.pa\/crisolfm\/?p=22849"},"modified":"2019-10-02T15:24:35","modified_gmt":"2019-10-02T15:24:35","slug":"reconocen-trayectoria-del-compositor-eddy-gutierrez-en-la-asamblea-nacional","status":"publish","type":"post","link":"https:\/\/sertv.gob.pa\/crisolfm\/reconocen-trayectoria-del-compositor-eddy-gutierrez-en-la-asamblea-nacional\/","title":{"rendered":"Reconocen trayectoria del compositor Eddy Guti\u00e9rrez en la Asamblea Nacional"},"content":{"rendered":"<p>El m\u00fasico, autor y compositor t\u00edpico Edilberto \u00abEddy\u00bb Guti\u00e9rrez recibi\u00f3 un reconocimiento por parte de la Asamblea Nacional, para destacar su trayectoria y aportes al folclore nacional. Durante su carrera art\u00edstica, Guti\u00e9rrez ha generado m\u00e1s de 200 composiciones, interpretadas por acordeonistas de la talla de Osvaldo Ayala y Dorindo C\u00e1rdenas.<\/p>\n<p>El homenajeado agradeci\u00f3 el gesto de la Asamblea y en especial a la diputada May\u00edn Correa, quien fue la promotora del reconocimiento.\u00a0 Subray\u00f3 que los homenajes en vida son de importancia porque\u00a0\u00a0 ayudan a divulgar la cultura y, en este caso, el aporte de la m\u00fasica t\u00edpica paname\u00f1a. Al concluir la sesi\u00f3n especial, Eddy Guti\u00e9rrez, con acorde\u00f3n en mano, interpret\u00f3 la conocid\u00edsima canci\u00f3n de su autor\u00eda \u201cSi t\u00fa me quisieras\u201d contagiando de emoci\u00f3n y alegr\u00eda a los presentes.<\/p>\n<p>&nbsp;<\/p>\n","protected":false},"excerpt":{"rendered":"<p>El m\u00fasico, autor y compositor t\u00edpico Edilberto \u00abEddy\u00bb Guti\u00e9rrez recibi\u00f3 <a href=\"https:\/\/sertv.gob.pa\/crisolfm\/reconocen-trayectoria-del-compositor-eddy-gutierrez-en-la-asamblea-nacional\/\"> [&#8230;]<\/a><\/p>\n","protected":false},"author":64,"featured_media":22850,"comment_status":"closed","ping_status":"closed","sticky":false,"template":"","format":"standard","meta":{"footnotes":""},"categories":[6],"tags":[],"class_list":["post-22849","post","type-post","status-publish","format-standard","has-post-thumbnail","hentry","category-culturales"],"_links":{"self":[{"href":"https:\/\/sertv.gob.pa\/crisolfm\/wp-json\/wp\/v2\/posts\/22849","targetHints":{"allow":["GET"]}}],"collection":[{"href":"https:\/\/sertv.gob.pa\/crisolfm\/wp-json\/wp\/v2\/posts"}],"about":[{"href":"https:\/\/sertv.gob.pa\/crisolfm\/wp-json\/wp\/v2\/types\/post"}],"author":[{"embeddable":true,"href":"https:\/\/sertv.gob.pa\/crisolfm\/wp-json\/wp\/v2\/users\/64"}],"replies":[{"embeddable":true,"href":"https:\/\/sertv.gob.pa\/crisolfm\/wp-json\/wp\/v2\/comments?post=22849"}],"version-history":[{"count":1,"href":"https:\/\/sertv.gob.pa\/crisolfm\/wp-json\/wp\/v2\/posts\/22849\/revisions"}],"predecessor-version":[{"id":22851,"href":"https:\/\/sertv.gob.pa\/crisolfm\/wp-json\/wp\/v2\/posts\/22849\/revisions\/22851"}],"wp:featuredmedia":[{"embeddable":true,"href":"https:\/\/sertv.gob.pa\/crisolfm\/wp-json\/wp\/v2\/media\/22850"}],"wp:attachment":[{"href":"https:\/\/sertv.gob.pa\/crisolfm\/wp-json\/wp\/v2\/media?parent=22849"}],"wp:term":[{"taxonomy":"category","embeddable":true,"href":"https:\/\/sertv.gob.pa\/crisolfm\/wp-json\/wp\/v2\/categories?post=22849"},{"taxonomy":"post_tag","embeddable":true,"href":"https:\/\/sertv.gob.pa\/crisolfm\/wp-json\/wp\/v2\/tags?post=22849"}],"curies":[{"name":"wp","href":"https:\/\/api.w.org\/{rel}","templated":true}]}}