{"id":22855,"date":"2019-10-02T16:25:19","date_gmt":"2019-10-02T16:25:19","guid":{"rendered":"https:\/\/sertv.gob.pa\/crisolfm\/?p=22855"},"modified":"2019-10-02T16:25:19","modified_gmt":"2019-10-02T16:25:19","slug":"la-rebelion-climatica-ya-es-imparable","status":"publish","type":"post","link":"https:\/\/sertv.gob.pa\/crisolfm\/la-rebelion-climatica-ya-es-imparable\/","title":{"rendered":"La \u2018rebeli\u00f3n clim\u00e1tica\u2019 ya es imparable"},"content":{"rendered":"<p>La semana pasada hemos asistido a la\u00a0mayor movilizaci\u00f3n social por la <strong>emergencia clim\u00e1tica<\/strong> de la historia. Alrededor de 7 millones de personas salieron a la calle entre el 20 y 27 de septiembre para reclamar medidas urgentes contra la emergencia clim\u00e1tica.<\/p>\n<p>En el Estado espa\u00f1ol, la semana se cerr\u00f3 el viernes con citas en m\u00e1s de\u00a0150 localidades con m\u00e1s de <strong>400.000 personas\u00a0en total<\/strong>. Algo nunca visto hasta entonces.<\/p>\n<p>Estamos posiblemente ante un punto de inflexi\u00f3n.\u00a0La sociedad realmente se ha despertado\u00a0para actuar y exigir. Por su parte, los gobiernos y empresas deber\u00edan escuchar y reaccionar.\u00a0 El 27 de septiembre no es el final del camino, sino el comienzo de una\u00a0ola internacional de <strong>rebeli\u00f3n por el clima<\/strong>\u00a0y desobediencia civil no violenta sin precedentes.<\/p>\n<p>ECOticias<\/p>\n","protected":false},"excerpt":{"rendered":"<p>La semana pasada hemos asistido a la\u00a0mayor movilizaci\u00f3n social por <a href=\"https:\/\/sertv.gob.pa\/crisolfm\/la-rebelion-climatica-ya-es-imparable\/\"> [&#8230;]<\/a><\/p>\n","protected":false},"author":64,"featured_media":22856,"comment_status":"closed","ping_status":"closed","sticky":false,"template":"","format":"standard","meta":{"footnotes":""},"categories":[7],"tags":[],"class_list":["post-22855","post","type-post","status-publish","format-standard","has-post-thumbnail","hentry","category-ecologicas"],"_links":{"self":[{"href":"https:\/\/sertv.gob.pa\/crisolfm\/wp-json\/wp\/v2\/posts\/22855","targetHints":{"allow":["GET"]}}],"collection":[{"href":"https:\/\/sertv.gob.pa\/crisolfm\/wp-json\/wp\/v2\/posts"}],"about":[{"href":"https:\/\/sertv.gob.pa\/crisolfm\/wp-json\/wp\/v2\/types\/post"}],"author":[{"embeddable":true,"href":"https:\/\/sertv.gob.pa\/crisolfm\/wp-json\/wp\/v2\/users\/64"}],"replies":[{"embeddable":true,"href":"https:\/\/sertv.gob.pa\/crisolfm\/wp-json\/wp\/v2\/comments?post=22855"}],"version-history":[{"count":1,"href":"https:\/\/sertv.gob.pa\/crisolfm\/wp-json\/wp\/v2\/posts\/22855\/revisions"}],"predecessor-version":[{"id":22857,"href":"https:\/\/sertv.gob.pa\/crisolfm\/wp-json\/wp\/v2\/posts\/22855\/revisions\/22857"}],"wp:featuredmedia":[{"embeddable":true,"href":"https:\/\/sertv.gob.pa\/crisolfm\/wp-json\/wp\/v2\/media\/22856"}],"wp:attachment":[{"href":"https:\/\/sertv.gob.pa\/crisolfm\/wp-json\/wp\/v2\/media?parent=22855"}],"wp:term":[{"taxonomy":"category","embeddable":true,"href":"https:\/\/sertv.gob.pa\/crisolfm\/wp-json\/wp\/v2\/categories?post=22855"},{"taxonomy":"post_tag","embeddable":true,"href":"https:\/\/sertv.gob.pa\/crisolfm\/wp-json\/wp\/v2\/tags?post=22855"}],"curies":[{"name":"wp","href":"https:\/\/api.w.org\/{rel}","templated":true}]}}