{"id":22876,"date":"2019-10-03T13:59:28","date_gmt":"2019-10-03T13:59:28","guid":{"rendered":"https:\/\/sertv.gob.pa\/crisolfm\/?p=22876"},"modified":"2019-10-03T13:59:28","modified_gmt":"2019-10-03T13:59:28","slug":"ministerio-de-cultura-realiza-foro-de-cultura-economia-y-derechos","status":"publish","type":"post","link":"https:\/\/sertv.gob.pa\/crisolfm\/ministerio-de-cultura-realiza-foro-de-cultura-economia-y-derechos\/","title":{"rendered":"Ministerio de Cultura realiza Foro de Cultura, Econom\u00eda y Derechos"},"content":{"rendered":"<p>En alianza con la<strong>\u00a0<\/strong>Universidad Latina, el Ministerio de Cultura (MiCultura), a trav\u00e9s de su Direcci\u00f3n de Industrias Creativas, organiz\u00f3 el Foro de Cultura, Econom\u00eda y Derechos, que adem\u00e1s cont\u00f3 con la colaboraci\u00f3n de la Fundaci\u00f3n Friederich Ebert Stiftung.<\/p>\n<p>\u00abLa Econom\u00eda Creativa es un espacio de posibilidades para los sectores creativos y art\u00edsticos\u00bb dictada por Gerardo Neugovsen; investigador y consultor argentino, y \u00abDerechos laborales en el marco de las industrias creativas\u00bb por Rolando Murgas; catedr\u00e1tico universitario experto en derecho laboral, fueron parte de la primera jornada de ponencias en este foro.<\/p>\n<p>En el primer d\u00eda, se desarroll\u00f3 el panel \u00abCaracterizaci\u00f3n laboral actual de los sectores art\u00edsticos\u00bb donde intervinieron el maestro Lloyd Gallimore (m\u00fasica), Isabel Burgos (teatro), Dolores Cordero (artesan\u00edas) y Luis Romero (cine), moderado por Maru Galvez, Directora de Econom\u00eda Creativa del MiCultura. Mientras que para el segundo d\u00eda Eduardo Ben\u00edtez Istura\u00edn; consultor en derecho de autor y propiedad intelectual con el tema, \u201cActualizaci\u00f3n en la Protecci\u00f3n de los Derechos de Propiedad Intelectual de los Creadores\u201d.<\/p>\n<p>Cerca de 400 personas entre gestores culturales, profesores y estudiantes, participaron de este foro tanto de modo presencial como a trav\u00e9s de la transmisi\u00f3n directa en vivo con (\u00ablife streaming\u00bb) con monitores en las diferentes regionales de la Universidad Latina en Cocl\u00e9, Chiriqu\u00ed, Veraguas y Herrera.<\/p>\n<p>&nbsp;<\/p>\n","protected":false},"excerpt":{"rendered":"<p>En alianza con la\u00a0Universidad Latina, el Ministerio de Cultura (MiCultura), <a href=\"https:\/\/sertv.gob.pa\/crisolfm\/ministerio-de-cultura-realiza-foro-de-cultura-economia-y-derechos\/\"> [&#8230;]<\/a><\/p>\n","protected":false},"author":64,"featured_media":22877,"comment_status":"closed","ping_status":"closed","sticky":false,"template":"","format":"standard","meta":{"footnotes":""},"categories":[6],"tags":[],"class_list":["post-22876","post","type-post","status-publish","format-standard","has-post-thumbnail","hentry","category-culturales"],"_links":{"self":[{"href":"https:\/\/sertv.gob.pa\/crisolfm\/wp-json\/wp\/v2\/posts\/22876","targetHints":{"allow":["GET"]}}],"collection":[{"href":"https:\/\/sertv.gob.pa\/crisolfm\/wp-json\/wp\/v2\/posts"}],"about":[{"href":"https:\/\/sertv.gob.pa\/crisolfm\/wp-json\/wp\/v2\/types\/post"}],"author":[{"embeddable":true,"href":"https:\/\/sertv.gob.pa\/crisolfm\/wp-json\/wp\/v2\/users\/64"}],"replies":[{"embeddable":true,"href":"https:\/\/sertv.gob.pa\/crisolfm\/wp-json\/wp\/v2\/comments?post=22876"}],"version-history":[{"count":1,"href":"https:\/\/sertv.gob.pa\/crisolfm\/wp-json\/wp\/v2\/posts\/22876\/revisions"}],"predecessor-version":[{"id":22878,"href":"https:\/\/sertv.gob.pa\/crisolfm\/wp-json\/wp\/v2\/posts\/22876\/revisions\/22878"}],"wp:featuredmedia":[{"embeddable":true,"href":"https:\/\/sertv.gob.pa\/crisolfm\/wp-json\/wp\/v2\/media\/22877"}],"wp:attachment":[{"href":"https:\/\/sertv.gob.pa\/crisolfm\/wp-json\/wp\/v2\/media?parent=22876"}],"wp:term":[{"taxonomy":"category","embeddable":true,"href":"https:\/\/sertv.gob.pa\/crisolfm\/wp-json\/wp\/v2\/categories?post=22876"},{"taxonomy":"post_tag","embeddable":true,"href":"https:\/\/sertv.gob.pa\/crisolfm\/wp-json\/wp\/v2\/tags?post=22876"}],"curies":[{"name":"wp","href":"https:\/\/api.w.org\/{rel}","templated":true}]}}