{"id":22879,"date":"2019-10-03T14:13:24","date_gmt":"2019-10-03T14:13:24","guid":{"rendered":"https:\/\/sertv.gob.pa\/crisolfm\/?p=22879"},"modified":"2019-10-03T14:13:24","modified_gmt":"2019-10-03T14:13:24","slug":"festival-prisma-en-el-teatro-nacional","status":"publish","type":"post","link":"https:\/\/sertv.gob.pa\/crisolfm\/festival-prisma-en-el-teatro-nacional\/","title":{"rendered":"Festival Prisma en el Teatro Nacional"},"content":{"rendered":"<p>El Ministerio de Cultura apoya la octava edici\u00f3n del Festival Internacional de Danza Contempor\u00e1nea de Panam\u00e1 (PRISMA), que se desarrollar\u00e1 del 3 al 13 de octubre, en diversos teatros y espacios alternativos de la ciudad de Panam\u00e1.<\/p>\n<p>El Viceministro de Cultura, Gabriel Gonz\u00e1lez, resalt\u00f3 en rueda de prensa que MiCultura, apoya a todos los artistas y es por ello que el Gobierno Nacional cumple la promesa de abrir el Teatro Nacional la primera semana de octubre, con la presentaci\u00f3n del Ballet Nacional, Festival Prisma y la Orquesta Sinf\u00f3nica Nacional de Panam\u00e1, encargados de estrenar esta joya arquitect\u00f3nica.<\/p>\n<p>Para esta versi\u00f3n participar\u00e1n m\u00e1s de 80 artistas provenientes de 12 pa\u00edses como: Cuba, Brasil, Italia, Francia, Espa\u00f1a, Estados Unidos, Canad\u00e1, Alemania, Eslovaquia, Hungr\u00eda, Israel y China.<\/p>\n<p>Las sedes de PRISMA 2019 son: Teatro Nacional, Teatro Anita Villalaz, Ateneo de la Ciudad del Saber, Xielo, Biomuseo, Museo de Arte Contempor\u00e1neo, Metro de Panam\u00e1, auditorio de la Escuela Internacional de Panam\u00e1, Aula M\u00e1xima del Instituto Nacional y Hotel Las clementinas.<\/p>\n<p>&nbsp;<\/p>\n","protected":false},"excerpt":{"rendered":"<p>El Ministerio de Cultura apoya la octava edici\u00f3n del Festival <a href=\"https:\/\/sertv.gob.pa\/crisolfm\/festival-prisma-en-el-teatro-nacional\/\"> [&#8230;]<\/a><\/p>\n","protected":false},"author":64,"featured_media":22880,"comment_status":"closed","ping_status":"closed","sticky":false,"template":"","format":"standard","meta":{"footnotes":""},"categories":[6],"tags":[],"class_list":["post-22879","post","type-post","status-publish","format-standard","has-post-thumbnail","hentry","category-culturales"],"_links":{"self":[{"href":"https:\/\/sertv.gob.pa\/crisolfm\/wp-json\/wp\/v2\/posts\/22879","targetHints":{"allow":["GET"]}}],"collection":[{"href":"https:\/\/sertv.gob.pa\/crisolfm\/wp-json\/wp\/v2\/posts"}],"about":[{"href":"https:\/\/sertv.gob.pa\/crisolfm\/wp-json\/wp\/v2\/types\/post"}],"author":[{"embeddable":true,"href":"https:\/\/sertv.gob.pa\/crisolfm\/wp-json\/wp\/v2\/users\/64"}],"replies":[{"embeddable":true,"href":"https:\/\/sertv.gob.pa\/crisolfm\/wp-json\/wp\/v2\/comments?post=22879"}],"version-history":[{"count":1,"href":"https:\/\/sertv.gob.pa\/crisolfm\/wp-json\/wp\/v2\/posts\/22879\/revisions"}],"predecessor-version":[{"id":22881,"href":"https:\/\/sertv.gob.pa\/crisolfm\/wp-json\/wp\/v2\/posts\/22879\/revisions\/22881"}],"wp:featuredmedia":[{"embeddable":true,"href":"https:\/\/sertv.gob.pa\/crisolfm\/wp-json\/wp\/v2\/media\/22880"}],"wp:attachment":[{"href":"https:\/\/sertv.gob.pa\/crisolfm\/wp-json\/wp\/v2\/media?parent=22879"}],"wp:term":[{"taxonomy":"category","embeddable":true,"href":"https:\/\/sertv.gob.pa\/crisolfm\/wp-json\/wp\/v2\/categories?post=22879"},{"taxonomy":"post_tag","embeddable":true,"href":"https:\/\/sertv.gob.pa\/crisolfm\/wp-json\/wp\/v2\/tags?post=22879"}],"curies":[{"name":"wp","href":"https:\/\/api.w.org\/{rel}","templated":true}]}}