{"id":22885,"date":"2019-10-03T14:26:09","date_gmt":"2019-10-03T14:26:09","guid":{"rendered":"https:\/\/sertv.gob.pa\/crisolfm\/?p=22885"},"modified":"2019-10-03T14:26:09","modified_gmt":"2019-10-03T14:26:09","slug":"realizan-primer-taller-de-senas-en-teatro-anita-villalaz","status":"publish","type":"post","link":"https:\/\/sertv.gob.pa\/crisolfm\/realizan-primer-taller-de-senas-en-teatro-anita-villalaz\/","title":{"rendered":"Realizan primer taller de se\u00f1as en Teatro Anita Villalaz"},"content":{"rendered":"<p>Como parte de las actividades por la semana Internacional del Sordo, el Ministerio de Cultura a trav\u00e9s de la Oficina de Igualdad de Oportunidades realiz\u00f3 el primer taller de se\u00f1as en el Teatro Anita Villalaz a colaboradores de MiCultura y personal invitado de instituciones gubernamentales y privadas.<\/p>\n<p>El viceministro de Cultura, Gabriel Gonz\u00e1lez, exhort\u00f3 a estar abiertos aprender el lenguaje de se\u00f1as, \u201cvienen actividades diferentes en este Ministerio y necesitamos que ustedes aprendan la cultura del sordo y consolidar el lenguaje de se\u00f1as\u201d. destac\u00f3 Gonz\u00e1lez.<\/p>\n<p>Para Jorge Morales, director de la Oficina de Igualdad de Oportunidades, \u201ceste taller tiene como objetivo principal visibilizar la cultura sorda y promover la lengua de se\u00f1as a nivel nacional\u201d.<\/p>\n<p>Por su parte, Irving Jim\u00e9nez, director de Administraci\u00f3n y Finanzas del Instituto Paname\u00f1o de Habilitaci\u00f3n Especial (IPHE), indic\u00f3 que Panam\u00e1 necesita m\u00e1s personas que se sensibilicen, y a la vez, aprendan abrir la\u00a0mente para ir superando las barreras en el tema de inclusi\u00f3n.<\/p>\n<p>&nbsp;<\/p>\n<p>&nbsp;<\/p>\n","protected":false},"excerpt":{"rendered":"<p>Como parte de las actividades por la semana Internacional del <a href=\"https:\/\/sertv.gob.pa\/crisolfm\/realizan-primer-taller-de-senas-en-teatro-anita-villalaz\/\"> [&#8230;]<\/a><\/p>\n","protected":false},"author":64,"featured_media":22886,"comment_status":"closed","ping_status":"closed","sticky":false,"template":"","format":"standard","meta":{"footnotes":""},"categories":[6],"tags":[],"class_list":["post-22885","post","type-post","status-publish","format-standard","has-post-thumbnail","hentry","category-culturales"],"_links":{"self":[{"href":"https:\/\/sertv.gob.pa\/crisolfm\/wp-json\/wp\/v2\/posts\/22885","targetHints":{"allow":["GET"]}}],"collection":[{"href":"https:\/\/sertv.gob.pa\/crisolfm\/wp-json\/wp\/v2\/posts"}],"about":[{"href":"https:\/\/sertv.gob.pa\/crisolfm\/wp-json\/wp\/v2\/types\/post"}],"author":[{"embeddable":true,"href":"https:\/\/sertv.gob.pa\/crisolfm\/wp-json\/wp\/v2\/users\/64"}],"replies":[{"embeddable":true,"href":"https:\/\/sertv.gob.pa\/crisolfm\/wp-json\/wp\/v2\/comments?post=22885"}],"version-history":[{"count":1,"href":"https:\/\/sertv.gob.pa\/crisolfm\/wp-json\/wp\/v2\/posts\/22885\/revisions"}],"predecessor-version":[{"id":22887,"href":"https:\/\/sertv.gob.pa\/crisolfm\/wp-json\/wp\/v2\/posts\/22885\/revisions\/22887"}],"wp:featuredmedia":[{"embeddable":true,"href":"https:\/\/sertv.gob.pa\/crisolfm\/wp-json\/wp\/v2\/media\/22886"}],"wp:attachment":[{"href":"https:\/\/sertv.gob.pa\/crisolfm\/wp-json\/wp\/v2\/media?parent=22885"}],"wp:term":[{"taxonomy":"category","embeddable":true,"href":"https:\/\/sertv.gob.pa\/crisolfm\/wp-json\/wp\/v2\/categories?post=22885"},{"taxonomy":"post_tag","embeddable":true,"href":"https:\/\/sertv.gob.pa\/crisolfm\/wp-json\/wp\/v2\/tags?post=22885"}],"curies":[{"name":"wp","href":"https:\/\/api.w.org\/{rel}","templated":true}]}}