{"id":22888,"date":"2019-10-03T15:09:19","date_gmt":"2019-10-03T15:09:19","guid":{"rendered":"https:\/\/sertv.gob.pa\/crisolfm\/?p=22888"},"modified":"2019-10-03T15:09:19","modified_gmt":"2019-10-03T15:09:19","slug":"air-france-compensara-el-100-de-las-emisiones-de-co2","status":"publish","type":"post","link":"https:\/\/sertv.gob.pa\/crisolfm\/air-france-compensara-el-100-de-las-emisiones-de-co2\/","title":{"rendered":"Air France compensar\u00e1 el 100% de las emisiones de CO2"},"content":{"rendered":"<p>Air France ha decidido compensar el <strong>100% de las emisiones de CO2 <\/strong>en todos sus vuelos dom\u00e9sticos a partir de 1 de enero del pr\u00f3ximo a\u00f1o. La compa\u00f1\u00eda a\u00e9rea francesa ser\u00e1 una de las<strong> primeras aerol\u00edneas<\/strong> en compensar las emisiones generadas por sus vuelos dom\u00e9sticos. Concretamente, esto representa en promedio m\u00e1s de 450 vuelos al d\u00eda y m\u00e1s de 57.000 clientes. Los clientes corporativos podr\u00e1n tambi\u00e9n optar por una compensaci\u00f3n voluntaria de hasta el 100% de las emisiones generadas por sus vuelos de corta, media y larga distancia a trav\u00e9s de una oferta espec\u00edfica.<\/p>\n<p>Air France ha decidido tambi\u00e9n acelerar sus compromisos para reducir las emisiones de CO2 y se ha fijado un nuevo objetivo para 2030: reducir sus emisiones de CO2 en un 50% por pasajero\/km en comparaci\u00f3n con 2005, es decir, <strong>menos de tres litros <\/strong>de consumo de combustible por pasajero y por cada 100 kil\u00f3metros.<\/p>\n<p>Desde el 1 de octubre, Air France introduce la <strong>clasificaci\u00f3n selectiva<\/strong> de residuos a bordo de sus vuelos a Par\u00eds, para pl\u00e1stico, cart\u00f3n, aluminio y vidrio. Todos estos materiales, clasificados por la tripulaci\u00f3n de cabina, son posteriormente gestionados por el proveedor de servicios Servair en Par\u00eds-Charles de Gaulle y Par\u00eds-Orly, y se reciclan en Francia o Europa. A modo recordatorio, Air France ya decidi\u00f3 eliminar el uso de art\u00edculos de <strong>pl\u00e1stico de un solo uso <\/strong>(vasos, cubiertos, cucharillas, etc.) a bordo de sus aviones desde finales de 2019, es decir, 1.300 toneladas menos de pl\u00e1stico al a\u00f1o.<\/p>\n<p>ECOticias<\/p>\n","protected":false},"excerpt":{"rendered":"<p>Air France ha decidido compensar el 100% de las emisiones <a href=\"https:\/\/sertv.gob.pa\/crisolfm\/air-france-compensara-el-100-de-las-emisiones-de-co2\/\"> [&#8230;]<\/a><\/p>\n","protected":false},"author":64,"featured_media":22889,"comment_status":"closed","ping_status":"closed","sticky":false,"template":"","format":"standard","meta":{"footnotes":""},"categories":[7],"tags":[],"class_list":["post-22888","post","type-post","status-publish","format-standard","has-post-thumbnail","hentry","category-ecologicas"],"_links":{"self":[{"href":"https:\/\/sertv.gob.pa\/crisolfm\/wp-json\/wp\/v2\/posts\/22888","targetHints":{"allow":["GET"]}}],"collection":[{"href":"https:\/\/sertv.gob.pa\/crisolfm\/wp-json\/wp\/v2\/posts"}],"about":[{"href":"https:\/\/sertv.gob.pa\/crisolfm\/wp-json\/wp\/v2\/types\/post"}],"author":[{"embeddable":true,"href":"https:\/\/sertv.gob.pa\/crisolfm\/wp-json\/wp\/v2\/users\/64"}],"replies":[{"embeddable":true,"href":"https:\/\/sertv.gob.pa\/crisolfm\/wp-json\/wp\/v2\/comments?post=22888"}],"version-history":[{"count":1,"href":"https:\/\/sertv.gob.pa\/crisolfm\/wp-json\/wp\/v2\/posts\/22888\/revisions"}],"predecessor-version":[{"id":22890,"href":"https:\/\/sertv.gob.pa\/crisolfm\/wp-json\/wp\/v2\/posts\/22888\/revisions\/22890"}],"wp:featuredmedia":[{"embeddable":true,"href":"https:\/\/sertv.gob.pa\/crisolfm\/wp-json\/wp\/v2\/media\/22889"}],"wp:attachment":[{"href":"https:\/\/sertv.gob.pa\/crisolfm\/wp-json\/wp\/v2\/media?parent=22888"}],"wp:term":[{"taxonomy":"category","embeddable":true,"href":"https:\/\/sertv.gob.pa\/crisolfm\/wp-json\/wp\/v2\/categories?post=22888"},{"taxonomy":"post_tag","embeddable":true,"href":"https:\/\/sertv.gob.pa\/crisolfm\/wp-json\/wp\/v2\/tags?post=22888"}],"curies":[{"name":"wp","href":"https:\/\/api.w.org\/{rel}","templated":true}]}}