{"id":22904,"date":"2019-10-04T13:26:47","date_gmt":"2019-10-04T13:26:47","guid":{"rendered":"https:\/\/sertv.gob.pa\/crisolfm\/?p=22904"},"modified":"2019-10-04T13:26:47","modified_gmt":"2019-10-04T13:26:47","slug":"museo-del-holocausto-custodia-mayor-coleccion-nazi-de-argentina","status":"publish","type":"post","link":"https:\/\/sertv.gob.pa\/crisolfm\/museo-del-holocausto-custodia-mayor-coleccion-nazi-de-argentina\/","title":{"rendered":"Museo del Holocausto custodia mayor colecci\u00f3n nazi de Argentina"},"content":{"rendered":"<p>El Museo del Holocausto de Buenos Aires custodia desde este mi\u00e9rcoles la mayor colecci\u00f3n de objetos nazis descubierta en Argentina, desde instrumentos para medir cr\u00e1neos hasta un juego de lupas dentro de una elegante caja con la cruz esv\u00e1stica que fueron hallados hace m\u00e1s de dos a\u00f1os en una habitaci\u00f3n oculta de un coleccionista.<\/p>\n<p>\u201cEstos objetos que fueron usados en el pasado para fomentar el odio, la muerte y la destrucci\u00f3n estar\u00e1n ahora al servicio de la transmisi\u00f3n de valores democr\u00e1ticos, la educaci\u00f3n y la lucha por la memoria para que tragedias como la del Holocausto no se vuelvan a repetir\u201d, dijo el presidente del museo Marcelo Mindlin, en el acto en el cual la justicia le cedi\u00f3 formalmente la custodia de 83 piezas para su exhibici\u00f3n.<\/p>\n<p>La polic\u00eda argentina dio con la colecci\u00f3n en junio de 2017 en el marco de una investigaci\u00f3n por tr\u00e1fico ilegal de arte. En el allanamiento a la vivienda de un coleccionista en las afueras de Buenos Aires los agentes descubrieron un pasadizo detr\u00e1s de una biblioteca que conduc\u00eda a una habitaci\u00f3n secreta donde se encontraban los objetos con simbolog\u00eda nazi. Peritos provenientes de Alemania y expertos del propio museo confirmaron la autenticidad de la mayor\u00eda de ellos.<\/p>\n<p>Como el museo se encuentra en remodelaci\u00f3n, parte de los objetos se exhibieron este mi\u00e9rcoles sobre una larga mesa con mantel negro durante la ceremonia de la que tambi\u00e9n participaron autoridades y representantes de la justicia.<\/p>\n<p>AP<\/p>\n","protected":false},"excerpt":{"rendered":"<p>El Museo del Holocausto de Buenos Aires custodia desde este <a href=\"https:\/\/sertv.gob.pa\/crisolfm\/museo-del-holocausto-custodia-mayor-coleccion-nazi-de-argentina\/\"> [&#8230;]<\/a><\/p>\n","protected":false},"author":64,"featured_media":22905,"comment_status":"closed","ping_status":"closed","sticky":false,"template":"","format":"standard","meta":{"footnotes":""},"categories":[6],"tags":[],"class_list":["post-22904","post","type-post","status-publish","format-standard","has-post-thumbnail","hentry","category-culturales"],"_links":{"self":[{"href":"https:\/\/sertv.gob.pa\/crisolfm\/wp-json\/wp\/v2\/posts\/22904","targetHints":{"allow":["GET"]}}],"collection":[{"href":"https:\/\/sertv.gob.pa\/crisolfm\/wp-json\/wp\/v2\/posts"}],"about":[{"href":"https:\/\/sertv.gob.pa\/crisolfm\/wp-json\/wp\/v2\/types\/post"}],"author":[{"embeddable":true,"href":"https:\/\/sertv.gob.pa\/crisolfm\/wp-json\/wp\/v2\/users\/64"}],"replies":[{"embeddable":true,"href":"https:\/\/sertv.gob.pa\/crisolfm\/wp-json\/wp\/v2\/comments?post=22904"}],"version-history":[{"count":1,"href":"https:\/\/sertv.gob.pa\/crisolfm\/wp-json\/wp\/v2\/posts\/22904\/revisions"}],"predecessor-version":[{"id":22906,"href":"https:\/\/sertv.gob.pa\/crisolfm\/wp-json\/wp\/v2\/posts\/22904\/revisions\/22906"}],"wp:featuredmedia":[{"embeddable":true,"href":"https:\/\/sertv.gob.pa\/crisolfm\/wp-json\/wp\/v2\/media\/22905"}],"wp:attachment":[{"href":"https:\/\/sertv.gob.pa\/crisolfm\/wp-json\/wp\/v2\/media?parent=22904"}],"wp:term":[{"taxonomy":"category","embeddable":true,"href":"https:\/\/sertv.gob.pa\/crisolfm\/wp-json\/wp\/v2\/categories?post=22904"},{"taxonomy":"post_tag","embeddable":true,"href":"https:\/\/sertv.gob.pa\/crisolfm\/wp-json\/wp\/v2\/tags?post=22904"}],"curies":[{"name":"wp","href":"https:\/\/api.w.org\/{rel}","templated":true}]}}