{"id":22907,"date":"2019-10-04T13:37:12","date_gmt":"2019-10-04T13:37:12","guid":{"rendered":"https:\/\/sertv.gob.pa\/crisolfm\/?p=22907"},"modified":"2019-10-04T13:37:12","modified_gmt":"2019-10-04T13:37:12","slug":"festival-de-cine-hispano-abre-en-eeuu-con-el-acento-puesto-en-espana","status":"publish","type":"post","link":"https:\/\/sertv.gob.pa\/crisolfm\/festival-de-cine-hispano-abre-en-eeuu-con-el-acento-puesto-en-espana\/","title":{"rendered":"Festival de cine hispano abre en EEUU con el acento puesto en Espa\u00f1a"},"content":{"rendered":"<p>El filme colombiano \u00abSof\u00eda\u00bb, con un mensaje de empoderamiento de la mujer, abri\u00f3 este jueves en San Agust\u00edn, la ciudad m\u00e1s antigua de Estados Unidos, el Festival de Cine de la Cultura Hispana (HCFF), que en esta segunda edici\u00f3n tiene como pa\u00eds invitado a Espa\u00f1a.<\/p>\n<p>Eugenio Maslowski, fundador y director del festival, dijo a EFE que al haber mudado el festival desde Jacksonville, en el extremo norte de Florida, hasta San Agust\u00edn, fundada por el espa\u00f1ol Pedro Men\u00e9ndez de Avil\u00e9s en 1565, el pa\u00eds invitado no pod\u00eda ser otro que Espa\u00f1a.<\/p>\n<p>\u00abLo mudamos para poder crear un v\u00ednculo entre la cultura hispana, entre los 21 pa\u00edses que hablan espa\u00f1ol a nivel mundial y Estados Unidos\u00bb, explic\u00f3. Recalc\u00f3 que la idea del certamen es educar al p\u00fablico en general, sobre la diversidad de los latinos en Estados Unidos y el mundo.<\/p>\n<p>\u00abLos hispanos a pesar de que somos 21 pa\u00edses y hablamos todos espa\u00f1ol, somos a la misma vez 21 culturas diferentes\u00bb, enfatiz\u00f3.<\/p>\n<p>EFE<\/p>\n<p>&nbsp;<\/p>\n<p>&nbsp;<\/p>\n","protected":false},"excerpt":{"rendered":"<p>El filme colombiano \u00abSof\u00eda\u00bb, con un mensaje de empoderamiento de <a href=\"https:\/\/sertv.gob.pa\/crisolfm\/festival-de-cine-hispano-abre-en-eeuu-con-el-acento-puesto-en-espana\/\"> [&#8230;]<\/a><\/p>\n","protected":false},"author":64,"featured_media":22908,"comment_status":"closed","ping_status":"closed","sticky":false,"template":"","format":"standard","meta":{"footnotes":""},"categories":[6],"tags":[],"class_list":["post-22907","post","type-post","status-publish","format-standard","has-post-thumbnail","hentry","category-culturales"],"_links":{"self":[{"href":"https:\/\/sertv.gob.pa\/crisolfm\/wp-json\/wp\/v2\/posts\/22907","targetHints":{"allow":["GET"]}}],"collection":[{"href":"https:\/\/sertv.gob.pa\/crisolfm\/wp-json\/wp\/v2\/posts"}],"about":[{"href":"https:\/\/sertv.gob.pa\/crisolfm\/wp-json\/wp\/v2\/types\/post"}],"author":[{"embeddable":true,"href":"https:\/\/sertv.gob.pa\/crisolfm\/wp-json\/wp\/v2\/users\/64"}],"replies":[{"embeddable":true,"href":"https:\/\/sertv.gob.pa\/crisolfm\/wp-json\/wp\/v2\/comments?post=22907"}],"version-history":[{"count":1,"href":"https:\/\/sertv.gob.pa\/crisolfm\/wp-json\/wp\/v2\/posts\/22907\/revisions"}],"predecessor-version":[{"id":22909,"href":"https:\/\/sertv.gob.pa\/crisolfm\/wp-json\/wp\/v2\/posts\/22907\/revisions\/22909"}],"wp:featuredmedia":[{"embeddable":true,"href":"https:\/\/sertv.gob.pa\/crisolfm\/wp-json\/wp\/v2\/media\/22908"}],"wp:attachment":[{"href":"https:\/\/sertv.gob.pa\/crisolfm\/wp-json\/wp\/v2\/media?parent=22907"}],"wp:term":[{"taxonomy":"category","embeddable":true,"href":"https:\/\/sertv.gob.pa\/crisolfm\/wp-json\/wp\/v2\/categories?post=22907"},{"taxonomy":"post_tag","embeddable":true,"href":"https:\/\/sertv.gob.pa\/crisolfm\/wp-json\/wp\/v2\/tags?post=22907"}],"curies":[{"name":"wp","href":"https:\/\/api.w.org\/{rel}","templated":true}]}}