{"id":22917,"date":"2019-10-04T14:08:24","date_gmt":"2019-10-04T14:08:24","guid":{"rendered":"https:\/\/sertv.gob.pa\/crisolfm\/?p=22917"},"modified":"2019-10-04T14:08:24","modified_gmt":"2019-10-04T14:08:24","slug":"romeria-en-la-up-celebrando-los-150-anos-del-natalicio-de-mahatma-gandhi","status":"publish","type":"post","link":"https:\/\/sertv.gob.pa\/crisolfm\/romeria-en-la-up-celebrando-los-150-anos-del-natalicio-de-mahatma-gandhi\/","title":{"rendered":"Romer\u00eda en la UP celebrando los 150 a\u00f1os del natalicio de Mahatma Gandhi"},"content":{"rendered":"<p>El embajador de la Rep\u00fablica de la India en Panam\u00e1, S.E. Rabithar Tapar, visit\u00f3 la Universidad de Panam\u00e1 para realizar una romer\u00eda al busto del recordado pensador hinduista, Mahatma Gandhi, en conmemorando de los 150 a\u00f1os de su natalicio. El embajador explic\u00f3 que las embajadas de India en todo el mundo iniciaron las celebraciones de este evento desde el a\u00f1o pasado.<\/p>\n<p>\u201cQuiero recordarles que Mahatma no solamente fue un fil\u00f3sofo pacifista, sino igualmente un prominente abogado graduado de Inglaterra, que para esa \u00e9poca era un gran logro; sin embargo, cuando fue a Sud\u00e1frica a representar un cliente no solamente se dedic\u00f3 a los negocios y la ley, sino que se concentr\u00f3 en causas sociales contra el apartheid y la discriminaci\u00f3n\u201d, sostuvo Tapar.<\/p>\n<p>Por su parte el vicerrector acad\u00e9mico Dr. Jos\u00e9 Emilio Moreno, en representaci\u00f3n del rector de la Universidad de Panam\u00e1, hizo una reflexi\u00f3n de la vida de Gandhi, destacando haber sido un luchador por sus ideales, que evit\u00f3 el uso de las armas y de la violencia.<\/p>\n<p>Mahatma Gandhi naci\u00f3 un 2 de octubre de 1869, fue el dirigente m\u00e1s reconocido de la \u00e9poca, logr\u00f3 independizar a la Rep\u00fablica de India del Imperio Brit\u00e1nico, promovi\u00f3 la paz, la tolerancia y el di\u00e1logo.<\/p>\n<p>&nbsp;<\/p>\n","protected":false},"excerpt":{"rendered":"<p>El embajador de la Rep\u00fablica de la India en Panam\u00e1, <a href=\"https:\/\/sertv.gob.pa\/crisolfm\/romeria-en-la-up-celebrando-los-150-anos-del-natalicio-de-mahatma-gandhi\/\"> [&#8230;]<\/a><\/p>\n","protected":false},"author":64,"featured_media":22918,"comment_status":"closed","ping_status":"closed","sticky":false,"template":"","format":"standard","meta":{"footnotes":""},"categories":[6],"tags":[],"class_list":["post-22917","post","type-post","status-publish","format-standard","has-post-thumbnail","hentry","category-culturales"],"_links":{"self":[{"href":"https:\/\/sertv.gob.pa\/crisolfm\/wp-json\/wp\/v2\/posts\/22917","targetHints":{"allow":["GET"]}}],"collection":[{"href":"https:\/\/sertv.gob.pa\/crisolfm\/wp-json\/wp\/v2\/posts"}],"about":[{"href":"https:\/\/sertv.gob.pa\/crisolfm\/wp-json\/wp\/v2\/types\/post"}],"author":[{"embeddable":true,"href":"https:\/\/sertv.gob.pa\/crisolfm\/wp-json\/wp\/v2\/users\/64"}],"replies":[{"embeddable":true,"href":"https:\/\/sertv.gob.pa\/crisolfm\/wp-json\/wp\/v2\/comments?post=22917"}],"version-history":[{"count":1,"href":"https:\/\/sertv.gob.pa\/crisolfm\/wp-json\/wp\/v2\/posts\/22917\/revisions"}],"predecessor-version":[{"id":22919,"href":"https:\/\/sertv.gob.pa\/crisolfm\/wp-json\/wp\/v2\/posts\/22917\/revisions\/22919"}],"wp:featuredmedia":[{"embeddable":true,"href":"https:\/\/sertv.gob.pa\/crisolfm\/wp-json\/wp\/v2\/media\/22918"}],"wp:attachment":[{"href":"https:\/\/sertv.gob.pa\/crisolfm\/wp-json\/wp\/v2\/media?parent=22917"}],"wp:term":[{"taxonomy":"category","embeddable":true,"href":"https:\/\/sertv.gob.pa\/crisolfm\/wp-json\/wp\/v2\/categories?post=22917"},{"taxonomy":"post_tag","embeddable":true,"href":"https:\/\/sertv.gob.pa\/crisolfm\/wp-json\/wp\/v2\/tags?post=22917"}],"curies":[{"name":"wp","href":"https:\/\/api.w.org\/{rel}","templated":true}]}}