{"id":22943,"date":"2019-10-07T13:25:26","date_gmt":"2019-10-07T13:25:26","guid":{"rendered":"https:\/\/sertv.gob.pa\/crisolfm\/?p=22943"},"modified":"2019-10-07T13:25:26","modified_gmt":"2019-10-07T13:25:26","slug":"jamaica-sembrara-millones-de-arboles-ante-intensa-sequia-por-cambio-climatico","status":"publish","type":"post","link":"https:\/\/sertv.gob.pa\/crisolfm\/jamaica-sembrara-millones-de-arboles-ante-intensa-sequia-por-cambio-climatico\/","title":{"rendered":"Jamaica sembrar\u00e1 millones de \u00e1rboles ante intensa sequ\u00eda por cambio clim\u00e1tico"},"content":{"rendered":"<p>Jamaica comenz\u00f3 este domingo un plan de reforestaci\u00f3n que contempla sembrar tres millones de \u00e1rboles durante los pr\u00f3ximos tres a\u00f1os, bajo un programa que promueve el Gobierno ante la intensa sequ\u00eda que atribuye al cambio clim\u00e1tico.<\/p>\n<p>El Programa Nacional de Plantaci\u00f3n de \u00c1rboles que promueve el primer ministro Andrew Holness estar\u00e1 dirigido por el Departamento Forestal de Jamaica y servir\u00e1 para repoblar cerca de 3.000 hect\u00e1reas de superficie repartidas por toda la geograf\u00eda de la isla.<\/p>\n<p>Holness dijo en el lanzamiento del programa que la iniciativa es parte de la respuesta estrat\u00e9gica del Gobierno al cambio clim\u00e1tico, que afecta ya a Jamaica. El funcionario record\u00f3 que la isla experimenta los impactos del cambio clim\u00e1tico con una sequ\u00eda intensa, de ah\u00ed la necesidad de tomar medidas urgentes. \u00abEs una inversi\u00f3n para nuestro futuro\u00bb, subray\u00f3, tras agregar que \u00abnuestros hijos dependen de nosotros\u00bb.<\/p>\n<p>EFE<\/p>\n","protected":false},"excerpt":{"rendered":"<p>Jamaica comenz\u00f3 este domingo un plan de reforestaci\u00f3n que contempla <a href=\"https:\/\/sertv.gob.pa\/crisolfm\/jamaica-sembrara-millones-de-arboles-ante-intensa-sequia-por-cambio-climatico\/\"> [&#8230;]<\/a><\/p>\n","protected":false},"author":64,"featured_media":22944,"comment_status":"closed","ping_status":"closed","sticky":false,"template":"","format":"standard","meta":{"footnotes":""},"categories":[7],"tags":[],"class_list":["post-22943","post","type-post","status-publish","format-standard","has-post-thumbnail","hentry","category-ecologicas"],"_links":{"self":[{"href":"https:\/\/sertv.gob.pa\/crisolfm\/wp-json\/wp\/v2\/posts\/22943","targetHints":{"allow":["GET"]}}],"collection":[{"href":"https:\/\/sertv.gob.pa\/crisolfm\/wp-json\/wp\/v2\/posts"}],"about":[{"href":"https:\/\/sertv.gob.pa\/crisolfm\/wp-json\/wp\/v2\/types\/post"}],"author":[{"embeddable":true,"href":"https:\/\/sertv.gob.pa\/crisolfm\/wp-json\/wp\/v2\/users\/64"}],"replies":[{"embeddable":true,"href":"https:\/\/sertv.gob.pa\/crisolfm\/wp-json\/wp\/v2\/comments?post=22943"}],"version-history":[{"count":1,"href":"https:\/\/sertv.gob.pa\/crisolfm\/wp-json\/wp\/v2\/posts\/22943\/revisions"}],"predecessor-version":[{"id":22945,"href":"https:\/\/sertv.gob.pa\/crisolfm\/wp-json\/wp\/v2\/posts\/22943\/revisions\/22945"}],"wp:featuredmedia":[{"embeddable":true,"href":"https:\/\/sertv.gob.pa\/crisolfm\/wp-json\/wp\/v2\/media\/22944"}],"wp:attachment":[{"href":"https:\/\/sertv.gob.pa\/crisolfm\/wp-json\/wp\/v2\/media?parent=22943"}],"wp:term":[{"taxonomy":"category","embeddable":true,"href":"https:\/\/sertv.gob.pa\/crisolfm\/wp-json\/wp\/v2\/categories?post=22943"},{"taxonomy":"post_tag","embeddable":true,"href":"https:\/\/sertv.gob.pa\/crisolfm\/wp-json\/wp\/v2\/tags?post=22943"}],"curies":[{"name":"wp","href":"https:\/\/api.w.org\/{rel}","templated":true}]}}