{"id":22946,"date":"2019-10-07T13:29:15","date_gmt":"2019-10-07T13:29:15","guid":{"rendered":"https:\/\/sertv.gob.pa\/crisolfm\/?p=22946"},"modified":"2019-10-07T13:29:15","modified_gmt":"2019-10-07T13:29:15","slug":"la-falta-de-financiamiento-merma-la-labor-de-los-fondos-ambientales-en-mexico","status":"publish","type":"post","link":"https:\/\/sertv.gob.pa\/crisolfm\/la-falta-de-financiamiento-merma-la-labor-de-los-fondos-ambientales-en-mexico\/","title":{"rendered":"La falta de financiamiento merma la labor de los fondos ambientales en M\u00e9xico"},"content":{"rendered":"<p>La falta de financiamiento de los fondos ambientales tanto privados como p\u00fablicos en M\u00e9xico provoca que \u00ablas necesidades ecol\u00f3gicas se acrecienten y no sean atendidas\u00bb, se\u00f1al\u00f3 este domingo Lorenzo Rosenzweig Pasquel, director ejecutivo del Fondo Mexicano para la Conservaci\u00f3n de la Naturaleza (FMCN). \u00abLos fondos ambientales que atienden diversas problem\u00e1ticas ecol\u00f3gicas est\u00e1n subfinanciados y M\u00e9xico, como otras naciones, padece de amplios recortes presupuestales de los Gobiernos\u00bb, dijo Rosenzweig a Efe.<\/p>\n<p>Consider\u00f3 que la inacci\u00f3n ante el cambio clim\u00e1tico en M\u00e9xico podr\u00eda generar para fin de siglo p\u00e9rdidas acumuladas comparables a m\u00e1s de dos veces el producto interno bruto (PIB) actual, que asciende a 1,15 billones de d\u00f3lares. Record\u00f3 que los fondos ambientales, organizaciones que act\u00faan como mecanismos financieros que facilitan la aplicaci\u00f3n de pol\u00edticas y acciones de conservaci\u00f3n, trabajan sobre una agenda p\u00fablica de bien com\u00fan en aspectos ecol\u00f3gicos relacionados con temas de salud, empleo, comercio, alimentos, agricultura y equidad de g\u00e9nero, entre otros.<\/p>\n<p>Atender los problemas clim\u00e1ticos requiere de mayores recursos financieros y las organizaciones civiles tienen la necesidad de financiarse con mecanismos p\u00fablicos y privados para lograr impactos de escala y detener el deterioro del capital natural, dijo.<\/p>\n<p>EFE<\/p>\n","protected":false},"excerpt":{"rendered":"<p>La falta de financiamiento de los fondos ambientales tanto privados <a href=\"https:\/\/sertv.gob.pa\/crisolfm\/la-falta-de-financiamiento-merma-la-labor-de-los-fondos-ambientales-en-mexico\/\"> [&#8230;]<\/a><\/p>\n","protected":false},"author":64,"featured_media":22947,"comment_status":"closed","ping_status":"closed","sticky":false,"template":"","format":"standard","meta":{"footnotes":""},"categories":[7],"tags":[],"class_list":["post-22946","post","type-post","status-publish","format-standard","has-post-thumbnail","hentry","category-ecologicas"],"_links":{"self":[{"href":"https:\/\/sertv.gob.pa\/crisolfm\/wp-json\/wp\/v2\/posts\/22946","targetHints":{"allow":["GET"]}}],"collection":[{"href":"https:\/\/sertv.gob.pa\/crisolfm\/wp-json\/wp\/v2\/posts"}],"about":[{"href":"https:\/\/sertv.gob.pa\/crisolfm\/wp-json\/wp\/v2\/types\/post"}],"author":[{"embeddable":true,"href":"https:\/\/sertv.gob.pa\/crisolfm\/wp-json\/wp\/v2\/users\/64"}],"replies":[{"embeddable":true,"href":"https:\/\/sertv.gob.pa\/crisolfm\/wp-json\/wp\/v2\/comments?post=22946"}],"version-history":[{"count":1,"href":"https:\/\/sertv.gob.pa\/crisolfm\/wp-json\/wp\/v2\/posts\/22946\/revisions"}],"predecessor-version":[{"id":22948,"href":"https:\/\/sertv.gob.pa\/crisolfm\/wp-json\/wp\/v2\/posts\/22946\/revisions\/22948"}],"wp:featuredmedia":[{"embeddable":true,"href":"https:\/\/sertv.gob.pa\/crisolfm\/wp-json\/wp\/v2\/media\/22947"}],"wp:attachment":[{"href":"https:\/\/sertv.gob.pa\/crisolfm\/wp-json\/wp\/v2\/media?parent=22946"}],"wp:term":[{"taxonomy":"category","embeddable":true,"href":"https:\/\/sertv.gob.pa\/crisolfm\/wp-json\/wp\/v2\/categories?post=22946"},{"taxonomy":"post_tag","embeddable":true,"href":"https:\/\/sertv.gob.pa\/crisolfm\/wp-json\/wp\/v2\/tags?post=22946"}],"curies":[{"name":"wp","href":"https:\/\/api.w.org\/{rel}","templated":true}]}}