{"id":22949,"date":"2019-10-07T13:34:14","date_gmt":"2019-10-07T13:34:14","guid":{"rendered":"https:\/\/sertv.gob.pa\/crisolfm\/?p=22949"},"modified":"2019-10-07T13:34:14","modified_gmt":"2019-10-07T13:34:14","slug":"fallece-el-periodista-experto-en-etica-javier-dario-restrepo","status":"publish","type":"post","link":"https:\/\/sertv.gob.pa\/crisolfm\/fallece-el-periodista-experto-en-etica-javier-dario-restrepo\/","title":{"rendered":"Fallece el periodista experto en \u00e9tica, Javier Dar\u00edo Restrepo"},"content":{"rendered":"<p>El periodista experto en \u00e9tica, catedr\u00e1tico de la universidad de los Andes y conferencista en temas de comunicaci\u00f3n social, Javier Dar\u00edo Restrepo, ha muerto a sus 87 a\u00f1os.<\/p>\n<p>Columnista en <strong>El Tiempo<\/strong>, <strong>El Espectador<\/strong>, <strong>El Colombiano<\/strong> y <strong>El Heraldo<\/strong>, Restrepo fue considerado \u00abun pilar y gu\u00eda en el ejercicio del periodismo \u00e9tico en Iberoam\u00e9rica\u00bb.<\/p>\n<p>El reconocido periodista colombiano fue autor de 22 libros y ganador de m\u00faltiples reconocimientos, como\u00a0el premio nacional del C\u00edrculo de Periodistas de Bogot\u00e1 en la categor\u00eda de prensa (1993) y el Premio Nacional de Periodismo Sim\u00f3n Bol\u00edvar (1985 y 1986).<\/p>\n<p>&nbsp;<\/p>\n","protected":false},"excerpt":{"rendered":"<p>El periodista experto en \u00e9tica, catedr\u00e1tico de la universidad de <a href=\"https:\/\/sertv.gob.pa\/crisolfm\/fallece-el-periodista-experto-en-etica-javier-dario-restrepo\/\"> [&#8230;]<\/a><\/p>\n","protected":false},"author":64,"featured_media":22950,"comment_status":"closed","ping_status":"closed","sticky":false,"template":"","format":"standard","meta":{"footnotes":""},"categories":[6],"tags":[],"class_list":["post-22949","post","type-post","status-publish","format-standard","has-post-thumbnail","hentry","category-culturales"],"_links":{"self":[{"href":"https:\/\/sertv.gob.pa\/crisolfm\/wp-json\/wp\/v2\/posts\/22949","targetHints":{"allow":["GET"]}}],"collection":[{"href":"https:\/\/sertv.gob.pa\/crisolfm\/wp-json\/wp\/v2\/posts"}],"about":[{"href":"https:\/\/sertv.gob.pa\/crisolfm\/wp-json\/wp\/v2\/types\/post"}],"author":[{"embeddable":true,"href":"https:\/\/sertv.gob.pa\/crisolfm\/wp-json\/wp\/v2\/users\/64"}],"replies":[{"embeddable":true,"href":"https:\/\/sertv.gob.pa\/crisolfm\/wp-json\/wp\/v2\/comments?post=22949"}],"version-history":[{"count":1,"href":"https:\/\/sertv.gob.pa\/crisolfm\/wp-json\/wp\/v2\/posts\/22949\/revisions"}],"predecessor-version":[{"id":22951,"href":"https:\/\/sertv.gob.pa\/crisolfm\/wp-json\/wp\/v2\/posts\/22949\/revisions\/22951"}],"wp:featuredmedia":[{"embeddable":true,"href":"https:\/\/sertv.gob.pa\/crisolfm\/wp-json\/wp\/v2\/media\/22950"}],"wp:attachment":[{"href":"https:\/\/sertv.gob.pa\/crisolfm\/wp-json\/wp\/v2\/media?parent=22949"}],"wp:term":[{"taxonomy":"category","embeddable":true,"href":"https:\/\/sertv.gob.pa\/crisolfm\/wp-json\/wp\/v2\/categories?post=22949"},{"taxonomy":"post_tag","embeddable":true,"href":"https:\/\/sertv.gob.pa\/crisolfm\/wp-json\/wp\/v2\/tags?post=22949"}],"curies":[{"name":"wp","href":"https:\/\/api.w.org\/{rel}","templated":true}]}}