{"id":22999,"date":"2019-10-08T14:16:21","date_gmt":"2019-10-08T14:16:21","guid":{"rendered":"https:\/\/sertv.gob.pa\/crisolfm\/?p=22999"},"modified":"2019-10-08T14:16:21","modified_gmt":"2019-10-08T14:16:21","slug":"europa-se-implica-en-la-reduccion-de-emisiones-de-co2-hasta-el-50-o-el-55-en-la-cop25","status":"publish","type":"post","link":"https:\/\/sertv.gob.pa\/crisolfm\/europa-se-implica-en-la-reduccion-de-emisiones-de-co2-hasta-el-50-o-el-55-en-la-cop25\/","title":{"rendered":"Europa se implica en la reducci\u00f3n de emisiones de CO2 hasta el 50 o el 55% en la COP25"},"content":{"rendered":"<p>El Parlamento Europeo quiere elevar la ambici\u00f3n de la Uni\u00f3n Europea de reducci\u00f3n de emisiones de CO2 desde el 40 por ciento comprometido actualmente para 2050<strong> hasta el 50 o el 55 por ciento<\/strong> y que, adem\u00e1s, impulse que en la XXV Cumbre del Clima, que se celebrar\u00e1 en diciembre en Chile, el resto de pa\u00edses se sumen a elevar esta misma ambici\u00f3n.<\/p>\n<p>El eurodiputado socialista Nicol\u00e1s Gonz\u00e1lez ha explicado en un encuentro con periodistas de la Asociaci\u00f3n de Periodistas de Informaci\u00f3n Ambiental (APIA) la propuesta que trata de lograr el Parlamento Europeo para aumentar los compromisos de la comunidad internacional para<strong> luchar contra el cambio clim\u00e1tico <\/strong>y ha se\u00f1alado que la Euroc\u00e1mara ha alertado de la diferencia entre los compromisos reales firmados en los planes nacionales de reducci\u00f3n de emisiones y los objetivos globales del Acuerdo del Clima de Par\u00eds.<\/p>\n<p>Gonz\u00e1lez ha a\u00f1adido adem\u00e1s que el Parlamento Europeo en su propuesta subraya que implantar un adecuado Fondo de Transici\u00f3n Justa ser\u00e1 \u00abfundamental\u00bb para alcanzar el \u00e9xito en la lucha contra la emergencia clim\u00e1tica porque a su juicio se podr\u00eda correr el riesgo de que se cree un \u00abdescontento social\u00bb si las repercusiones de actuar contra el cambio clim\u00e1tico afectan a la sociedad a nivel laboral o econ\u00f3mico.<\/p>\n<p>ECOticias<\/p>\n","protected":false},"excerpt":{"rendered":"<p>El Parlamento Europeo quiere elevar la ambici\u00f3n de la Uni\u00f3n <a href=\"https:\/\/sertv.gob.pa\/crisolfm\/europa-se-implica-en-la-reduccion-de-emisiones-de-co2-hasta-el-50-o-el-55-en-la-cop25\/\"> [&#8230;]<\/a><\/p>\n","protected":false},"author":64,"featured_media":23000,"comment_status":"closed","ping_status":"closed","sticky":false,"template":"","format":"standard","meta":{"footnotes":""},"categories":[7],"tags":[],"class_list":["post-22999","post","type-post","status-publish","format-standard","has-post-thumbnail","hentry","category-ecologicas"],"_links":{"self":[{"href":"https:\/\/sertv.gob.pa\/crisolfm\/wp-json\/wp\/v2\/posts\/22999","targetHints":{"allow":["GET"]}}],"collection":[{"href":"https:\/\/sertv.gob.pa\/crisolfm\/wp-json\/wp\/v2\/posts"}],"about":[{"href":"https:\/\/sertv.gob.pa\/crisolfm\/wp-json\/wp\/v2\/types\/post"}],"author":[{"embeddable":true,"href":"https:\/\/sertv.gob.pa\/crisolfm\/wp-json\/wp\/v2\/users\/64"}],"replies":[{"embeddable":true,"href":"https:\/\/sertv.gob.pa\/crisolfm\/wp-json\/wp\/v2\/comments?post=22999"}],"version-history":[{"count":1,"href":"https:\/\/sertv.gob.pa\/crisolfm\/wp-json\/wp\/v2\/posts\/22999\/revisions"}],"predecessor-version":[{"id":23001,"href":"https:\/\/sertv.gob.pa\/crisolfm\/wp-json\/wp\/v2\/posts\/22999\/revisions\/23001"}],"wp:featuredmedia":[{"embeddable":true,"href":"https:\/\/sertv.gob.pa\/crisolfm\/wp-json\/wp\/v2\/media\/23000"}],"wp:attachment":[{"href":"https:\/\/sertv.gob.pa\/crisolfm\/wp-json\/wp\/v2\/media?parent=22999"}],"wp:term":[{"taxonomy":"category","embeddable":true,"href":"https:\/\/sertv.gob.pa\/crisolfm\/wp-json\/wp\/v2\/categories?post=22999"},{"taxonomy":"post_tag","embeddable":true,"href":"https:\/\/sertv.gob.pa\/crisolfm\/wp-json\/wp\/v2\/tags?post=22999"}],"curies":[{"name":"wp","href":"https:\/\/api.w.org\/{rel}","templated":true}]}}