{"id":23008,"date":"2019-10-08T15:21:50","date_gmt":"2019-10-08T15:21:50","guid":{"rendered":"https:\/\/sertv.gob.pa\/crisolfm\/?p=23008"},"modified":"2019-10-08T15:21:50","modified_gmt":"2019-10-08T15:21:50","slug":"el-celebre-moulin-rouge-celebra-sus-130-anos-con-espectaculo-callejero-de-can-can","status":"publish","type":"post","link":"https:\/\/sertv.gob.pa\/crisolfm\/el-celebre-moulin-rouge-celebra-sus-130-anos-con-espectaculo-callejero-de-can-can\/","title":{"rendered":"El c\u00e9lebre Moulin Rouge celebra sus 130 a\u00f1os con espect\u00e1culo callejero de can-can"},"content":{"rendered":"<p>Miles de personas se congregaron el domingo por la noche en el bulevar frente al Moulin Rouge de Par\u00eds para asistir a un espect\u00e1culo de can-can y fuegos artificiales celebrando los 130 a\u00f1os del c\u00e9lebre cabaret de Montmartre. La polic\u00eda bloque\u00f3 la arteria para la presentaci\u00f3n, que comenz\u00f3 con m\u00fasica y un espect\u00e1culo de luces proyectado en el ic\u00f3nico molino de viento rojo, relatando los or\u00edgenes de ese cabaret durante la Belle Epoque.<\/p>\n<p>Una solitaria bailarina, que desafiaba los primeros fr\u00edos oto\u00f1ales, apareci\u00f3 luego sobre el techo del Moulin Rouge, con sus lentejuelas pero sin hacer topless, presumiblemente un gui\u00f1o a las familias que se congregaron para el espect\u00e1culo. Luego alrededor de 50 chicas surgieron del local para bailar el can-can, mientras los fuegos artificiales retumbaron en lo alto&#8230; en un inicio en rojo, naturalmente, y luego mezclados con azules y blancos para formar los colores franceses, que son los mismos de las faldas de las bailarinas de esta danza.<\/p>\n<p>\u00abEs tan m\u00edtico como la Torre Eiffel, es como un pedazo de historia de la Belle Epoque\u00bb, dijo a la AFP Yiftah Bar-Akiva, un israel\u00ed que ha vivido en Par\u00eds durante 11 a\u00f1os, mientras beb\u00eda champa\u00f1a en compa\u00f1\u00eda de unos amigos. \u00abNo creo que sea irrespetuoso con las mujeres, creo que sigue siendo arte\u00bb, agreg\u00f3.<\/p>\n<p>AFP<\/p>\n","protected":false},"excerpt":{"rendered":"<p>Miles de personas se congregaron el domingo por la noche <a href=\"https:\/\/sertv.gob.pa\/crisolfm\/el-celebre-moulin-rouge-celebra-sus-130-anos-con-espectaculo-callejero-de-can-can\/\"> [&#8230;]<\/a><\/p>\n","protected":false},"author":64,"featured_media":23009,"comment_status":"closed","ping_status":"closed","sticky":false,"template":"","format":"standard","meta":{"footnotes":""},"categories":[6],"tags":[],"class_list":["post-23008","post","type-post","status-publish","format-standard","has-post-thumbnail","hentry","category-culturales"],"_links":{"self":[{"href":"https:\/\/sertv.gob.pa\/crisolfm\/wp-json\/wp\/v2\/posts\/23008","targetHints":{"allow":["GET"]}}],"collection":[{"href":"https:\/\/sertv.gob.pa\/crisolfm\/wp-json\/wp\/v2\/posts"}],"about":[{"href":"https:\/\/sertv.gob.pa\/crisolfm\/wp-json\/wp\/v2\/types\/post"}],"author":[{"embeddable":true,"href":"https:\/\/sertv.gob.pa\/crisolfm\/wp-json\/wp\/v2\/users\/64"}],"replies":[{"embeddable":true,"href":"https:\/\/sertv.gob.pa\/crisolfm\/wp-json\/wp\/v2\/comments?post=23008"}],"version-history":[{"count":1,"href":"https:\/\/sertv.gob.pa\/crisolfm\/wp-json\/wp\/v2\/posts\/23008\/revisions"}],"predecessor-version":[{"id":23010,"href":"https:\/\/sertv.gob.pa\/crisolfm\/wp-json\/wp\/v2\/posts\/23008\/revisions\/23010"}],"wp:featuredmedia":[{"embeddable":true,"href":"https:\/\/sertv.gob.pa\/crisolfm\/wp-json\/wp\/v2\/media\/23009"}],"wp:attachment":[{"href":"https:\/\/sertv.gob.pa\/crisolfm\/wp-json\/wp\/v2\/media?parent=23008"}],"wp:term":[{"taxonomy":"category","embeddable":true,"href":"https:\/\/sertv.gob.pa\/crisolfm\/wp-json\/wp\/v2\/categories?post=23008"},{"taxonomy":"post_tag","embeddable":true,"href":"https:\/\/sertv.gob.pa\/crisolfm\/wp-json\/wp\/v2\/tags?post=23008"}],"curies":[{"name":"wp","href":"https:\/\/api.w.org\/{rel}","templated":true}]}}