{"id":23011,"date":"2019-10-08T15:27:29","date_gmt":"2019-10-08T15:27:29","guid":{"rendered":"https:\/\/sertv.gob.pa\/crisolfm\/?p=23011"},"modified":"2019-10-08T15:27:29","modified_gmt":"2019-10-08T15:27:29","slug":"visita-de-trabajo-a-la-casa-museo-omar-torrijos-herrera","status":"publish","type":"post","link":"https:\/\/sertv.gob.pa\/crisolfm\/visita-de-trabajo-a-la-casa-museo-omar-torrijos-herrera\/","title":{"rendered":"Visita de trabajo a la Casa Museo Omar Torrijos Herrera"},"content":{"rendered":"<p>El Viceministro de Cultura, Gabriel Gonz\u00e1lez, atendiendo la invitaci\u00f3n especial del se\u00f1or Humberto Tirone, y autoridades locales de la comunidad de Coclesito, Donoso de la Provincia de Col\u00f3n, visit\u00f3 la Casa Museo Omar Torrijos Herrera, para conversar sobre el rescate, reconstrucci\u00f3n y adecuaciones que requiere esta estructura, considerada\u00a0el mayor atractivo tur\u00edstico de este sector.<\/p>\n<p>Adem\u00e1s de conocer esta Casa Museo que tiene 38 a\u00f1os de existencia, el viceministro de la cartera cultura recorri\u00f3 otros sitios y \u00e1reas aleda\u00f1as como: el Lago, la Casa Cultural, las calles, la Granja Alternativa de Coclesito, entre otros.<\/p>\n<p>Durante esta visita Gabriel Gonz\u00e1lez, estuvo acompa\u00f1ado por equipo de MiCultura\u00a0como Anayansi Chichaco, coordinadora nacional de museos y Jorge Morales de la Oficina de Igualdad de Oportunidades, adem\u00e1s particip\u00f3 Shalima Murillo; Secretaria General de AMPYME, Eulalio Yang\u00fces; Alcalde de Donoso, Concejales y el Comit\u00e9 Pro-rescate para esta Comunidad<\/p>\n<p>La Casa Museo Omar Torrijos Herrera, est\u00e1 bajo la administraci\u00f3n de la Fundaci\u00f3n Omar Torrijos Herrera, encargada, en velar por las condiciones de la misma, que hoy en d\u00eda no cuenta con electricidad, agua, techo, paredes, piso y otros que se necesitan para tener las condiciones \u00f3ptimas para reabrir sus puertas al p\u00fablico.<\/p>\n<p><strong>Gabriel Gonz\u00e1lez<\/strong>, Viceministro de Cultura, aprovech\u00f3 igualmente para visitar y recorrer el Museo de Penonom\u00e9, para conocer un poco m\u00e1s de la historia de esa regi\u00f3n, sus instalaciones, el personal que brinda atenci\u00f3n a los que lo visitan.<\/p>\n<p>&nbsp;<\/p>\n","protected":false},"excerpt":{"rendered":"<p>El Viceministro de Cultura, Gabriel Gonz\u00e1lez, atendiendo la invitaci\u00f3n especial <a href=\"https:\/\/sertv.gob.pa\/crisolfm\/visita-de-trabajo-a-la-casa-museo-omar-torrijos-herrera\/\"> [&#8230;]<\/a><\/p>\n","protected":false},"author":64,"featured_media":23012,"comment_status":"closed","ping_status":"closed","sticky":false,"template":"","format":"standard","meta":{"footnotes":""},"categories":[6],"tags":[],"class_list":["post-23011","post","type-post","status-publish","format-standard","has-post-thumbnail","hentry","category-culturales"],"_links":{"self":[{"href":"https:\/\/sertv.gob.pa\/crisolfm\/wp-json\/wp\/v2\/posts\/23011","targetHints":{"allow":["GET"]}}],"collection":[{"href":"https:\/\/sertv.gob.pa\/crisolfm\/wp-json\/wp\/v2\/posts"}],"about":[{"href":"https:\/\/sertv.gob.pa\/crisolfm\/wp-json\/wp\/v2\/types\/post"}],"author":[{"embeddable":true,"href":"https:\/\/sertv.gob.pa\/crisolfm\/wp-json\/wp\/v2\/users\/64"}],"replies":[{"embeddable":true,"href":"https:\/\/sertv.gob.pa\/crisolfm\/wp-json\/wp\/v2\/comments?post=23011"}],"version-history":[{"count":1,"href":"https:\/\/sertv.gob.pa\/crisolfm\/wp-json\/wp\/v2\/posts\/23011\/revisions"}],"predecessor-version":[{"id":23013,"href":"https:\/\/sertv.gob.pa\/crisolfm\/wp-json\/wp\/v2\/posts\/23011\/revisions\/23013"}],"wp:featuredmedia":[{"embeddable":true,"href":"https:\/\/sertv.gob.pa\/crisolfm\/wp-json\/wp\/v2\/media\/23012"}],"wp:attachment":[{"href":"https:\/\/sertv.gob.pa\/crisolfm\/wp-json\/wp\/v2\/media?parent=23011"}],"wp:term":[{"taxonomy":"category","embeddable":true,"href":"https:\/\/sertv.gob.pa\/crisolfm\/wp-json\/wp\/v2\/categories?post=23011"},{"taxonomy":"post_tag","embeddable":true,"href":"https:\/\/sertv.gob.pa\/crisolfm\/wp-json\/wp\/v2\/tags?post=23011"}],"curies":[{"name":"wp","href":"https:\/\/api.w.org\/{rel}","templated":true}]}}